{"id":417230,"date":"2025-09-25T19:35:45","date_gmt":"2025-09-25T19:35:45","guid":{"rendered":"https:\/\/www.europesays.com\/fr\/417230\/"},"modified":"2025-09-25T19:35:45","modified_gmt":"2025-09-25T19:35:45","slug":"municipales-2026-jakubowicz-investi-tete-de-liste-par-horizons-pour-strasbourg-2","status":"publish","type":"post","link":"https:\/\/www.europesays.com\/fr\/417230\/","title":{"rendered":"Municipales 2026. Jakubowicz investi t\u00eate de liste par Horizons pour Strasbourg"},"content":{"rendered":"<p>La commission nationale d\u2019investiture du parti Horizons, qui s\u2019est r\u00e9unie mardi, a d\u00e9cid\u00e9 d\u2019investir le conseiller municipal d\u2019opposition Pierre Jakubowicz comme t\u00eate de liste pour les \u00e9lections municipales de mars\u00a02026, a-t-on appris ce jeudi. Pierre Jakubowicz, coresponsable du parti\u00a0d\u2019<a href=\"https:\/\/www.dna.fr\/p\/edouard-philippe\" target=\"_blank\" rel=\"noopener\">\u00c9douard Philippe<\/a> dans le Bas-Rhin, avait \u00e9t\u00e9 nomm\u00e9 chef de file en juillet dernier.<\/p>\n","protected":false},"excerpt":{"rendered":"La commission nationale d\u2019investiture du parti Horizons, qui s\u2019est r\u00e9unie mardi, a d\u00e9cid\u00e9 d\u2019investir le conseiller municipal d\u2019opposition&hellip;\n","protected":false},"author":2,"featured_media":417231,"comment_status":"","ping_status":"","sticky":false,"template":"","format":"standard","meta":{"footnotes":""},"categories":[2820],"tags":[1111,11,2389,2880,5949,4188,1777,674,107,1011,27,775,3540,12,316,25,640],"class_list":{"0":"post-417230","1":"post","2":"type-post","3":"status-publish","4":"format-standard","5":"has-post-thumbnail","7":"category-strasbourg","8":"tag-actu","9":"tag-actualites","10":"tag-alsace","11":"tag-edition-strasbourg","12":"tag-elections","13":"tag-elections-municipales","14":"tag-eu","15":"tag-europe","16":"tag-fil-info","17":"tag-fr","18":"tag-france","19":"tag-grand-est","20":"tag-horizons","21":"tag-news","22":"tag-politique","23":"tag-republique-francaise","24":"tag-strasbourg"},"share_on_mastodon":{"url":"https:\/\/pubeurope.com\/@fr\/115266619165220242","error":""},"_links":{"self":[{"href":"https:\/\/www.europesays.com\/fr\/wp-json\/wp\/v2\/posts\/417230","targetHints":{"allow":["GET"]}}],"collection":[{"href":"https:\/\/www.europesays.com\/fr\/wp-json\/wp\/v2\/posts"}],"about":[{"href":"https:\/\/www.europesays.com\/fr\/wp-json\/wp\/v2\/types\/post"}],"author":[{"embeddable":true,"href":"https:\/\/www.europesays.com\/fr\/wp-json\/wp\/v2\/users\/2"}],"replies":[{"embeddable":true,"href":"https:\/\/www.europesays.com\/fr\/wp-json\/wp\/v2\/comments?post=417230"}],"version-history":[{"count":0,"href":"https:\/\/www.europesays.com\/fr\/wp-json\/wp\/v2\/posts\/417230\/revisions"}],"wp:featuredmedia":[{"embeddable":true,"href":"https:\/\/www.europesays.com\/fr\/wp-json\/wp\/v2\/media\/417231"}],"wp:attachment":[{"href":"https:\/\/www.europesays.com\/fr\/wp-json\/wp\/v2\/media?parent=417230"}],"wp:term":[{"taxonomy":"category","embeddable":true,"href":"https:\/\/www.europesays.com\/fr\/wp-json\/wp\/v2\/categories?post=417230"},{"taxonomy":"post_tag","embeddable":true,"href":"https:\/\/www.europesays.com\/fr\/wp-json\/wp\/v2\/tags?post=417230"}],"curies":[{"name":"wp","href":"https:\/\/api.w.org\/{rel}","templated":true}]}}