{"id":417242,"date":"2025-09-25T19:41:10","date_gmt":"2025-09-25T19:41:10","guid":{"rendered":"https:\/\/www.europesays.com\/fr\/417242\/"},"modified":"2025-09-25T19:41:10","modified_gmt":"2025-09-25T19:41:10","slug":"sortir-a-bordeaux-un-automne-tres-electro","status":"publish","type":"post","link":"https:\/\/www.europesays.com\/fr\/417242\/","title":{"rendered":"Sortir \u00e0 Bordeaux\u00a0: un automne tr\u00e8s \u00e9lectro"},"content":{"rendered":"<p>Sur la sc\u00e8ne du Rocher toujours\u00a0: \u00c9tienne de\u00a0Cr\u00e9cy, l\u2019une des ic\u00f4nes de la French Touch, le 31\u00a0octobre. Le DJ et producteur vient pr\u00e9senter son album \u00ab\u00a0Warm Up\u00a0\u00bb, moins club, plus intimiste.<\/p>\n<p>\u00c0 noter deux grands rendez-vous \u00e9lectros automnaux. Du 22 au 26\u00a0octobre, se tient la <a href=\"https:\/\/www.bordeauxelectronicweek.fr\/\" target=\"_blank\" rel=\"nofollow noopener\">Bordeaux Electronic Week du 22 au 26\u00a0octobre<\/a>, au Hangar 14, mais aussi \u00e0 la Caserne B, l\u2019IBoat, l\u2019Entrep\u00f4t, etc. Organis\u00e9 par 11 collectifs locaux, le festival veut r\u00e9v\u00e9ler \u00ab\u00a0la diversit\u00e9 et l\u2019innovation\u00a0\u00bb de l\u2019\u00e9lectro made in Bordeaux.<\/p>\n","protected":false},"excerpt":{"rendered":"Sur la sc\u00e8ne du Rocher toujours\u00a0: \u00c9tienne de\u00a0Cr\u00e9cy, l\u2019une des ic\u00f4nes de la French Touch, le 31\u00a0octobre. Le&hellip;\n","protected":false},"author":2,"featured_media":417243,"comment_status":"","ping_status":"","sticky":false,"template":"","format":"standard","meta":{"footnotes":""},"categories":[2817],"tags":[1111,11,1997,1777,674,1011,27,12,2219,25],"class_list":{"0":"post-417242","1":"post","2":"type-post","3":"status-publish","4":"format-standard","5":"has-post-thumbnail","7":"category-bordeaux","8":"tag-actu","9":"tag-actualites","10":"tag-bordeaux","11":"tag-eu","12":"tag-europe","13":"tag-fr","14":"tag-france","15":"tag-news","16":"tag-nouvelle-aquitaine","17":"tag-republique-francaise"},"share_on_mastodon":{"url":"https:\/\/pubeurope.com\/@fr\/115266642508825364","error":""},"_links":{"self":[{"href":"https:\/\/www.europesays.com\/fr\/wp-json\/wp\/v2\/posts\/417242","targetHints":{"allow":["GET"]}}],"collection":[{"href":"https:\/\/www.europesays.com\/fr\/wp-json\/wp\/v2\/posts"}],"about":[{"href":"https:\/\/www.europesays.com\/fr\/wp-json\/wp\/v2\/types\/post"}],"author":[{"embeddable":true,"href":"https:\/\/www.europesays.com\/fr\/wp-json\/wp\/v2\/users\/2"}],"replies":[{"embeddable":true,"href":"https:\/\/www.europesays.com\/fr\/wp-json\/wp\/v2\/comments?post=417242"}],"version-history":[{"count":0,"href":"https:\/\/www.europesays.com\/fr\/wp-json\/wp\/v2\/posts\/417242\/revisions"}],"wp:featuredmedia":[{"embeddable":true,"href":"https:\/\/www.europesays.com\/fr\/wp-json\/wp\/v2\/media\/417243"}],"wp:attachment":[{"href":"https:\/\/www.europesays.com\/fr\/wp-json\/wp\/v2\/media?parent=417242"}],"wp:term":[{"taxonomy":"category","embeddable":true,"href":"https:\/\/www.europesays.com\/fr\/wp-json\/wp\/v2\/categories?post=417242"},{"taxonomy":"post_tag","embeddable":true,"href":"https:\/\/www.europesays.com\/fr\/wp-json\/wp\/v2\/tags?post=417242"}],"curies":[{"name":"wp","href":"https:\/\/api.w.org\/{rel}","templated":true}]}}