{"id":417254,"date":"2025-09-25T19:47:12","date_gmt":"2025-09-25T19:47:12","guid":{"rendered":"https:\/\/www.europesays.com\/fr\/417254\/"},"modified":"2025-09-25T19:47:12","modified_gmt":"2025-09-25T19:47:12","slug":"un-accident-sur-la7-a-hauteur-de-plombieres-dans-le-sens-marseille-lyon-4-blesses","status":"publish","type":"post","link":"https:\/\/www.europesays.com\/fr\/417254\/","title":{"rendered":"un accident sur l&rsquo;A7 \u00e0 hauteur de Plombi\u00e8res dans le sens Marseille-Lyon, 4 bless\u00e9s"},"content":{"rendered":"<p>Les automobilistes qui souhaitent sortir de Marseille par l&rsquo;A7 doivent s&rsquo;armer de patience, ce jeudi soir 25 septembre. \u00c0 17h50, un accident impliquant trois v\u00e9hicules s&rsquo;est produit \u00e0 hauteur de Plombi\u00e8res dans le sens Marseille-Lyon. Quatre bless\u00e9s l\u00e9gers sont actuellement pris en charge, explique-t-on du c\u00f4t\u00e9 des marins-pompiers de Marseille.\u00a0<\/p>\n<p>Sur place, la Dirmed, la police et une d\u00e9panneuse sont \u00e9galement pr\u00e9sents. Le trafic est actuellement perturb\u00e9, et ceci devrait encore durer un certain temps.\u00a0<\/p>\n","protected":false},"excerpt":{"rendered":"Les automobilistes qui souhaitent sortir de Marseille par l&rsquo;A7 doivent s&rsquo;armer de patience, ce jeudi soir 25 septembre.&hellip;\n","protected":false},"author":2,"featured_media":417255,"comment_status":"","ping_status":"","sticky":false,"template":"","format":"standard","meta":{"footnotes":""},"categories":[2814],"tags":[17,119,1111,11,1102,1777,674,1011,27,16714,1922,26158,884,12,41137,882,16,25,3356,1097],"class_list":{"0":"post-417254","1":"post","2":"type-post","3":"status-publish","4":"format-standard","5":"has-post-thumbnail","7":"category-marseille","8":"tag-17","9":"tag-accident","10":"tag-actu","11":"tag-actualites","12":"tag-breakingnews","13":"tag-eu","14":"tag-europe","15":"tag-fr","16":"tag-france","17":"tag-hauteur","18":"tag-info","19":"tag-la7","20":"tag-marseille","21":"tag-news","22":"tag-plombieres","23":"tag-provence-alpes-cote-dazur","24":"tag-region","25":"tag-republique-francaise","26":"tag-sur","27":"tag-trafic"},"share_on_mastodon":{"url":"https:\/\/pubeurope.com\/@fr\/115266666172865516","error":""},"_links":{"self":[{"href":"https:\/\/www.europesays.com\/fr\/wp-json\/wp\/v2\/posts\/417254","targetHints":{"allow":["GET"]}}],"collection":[{"href":"https:\/\/www.europesays.com\/fr\/wp-json\/wp\/v2\/posts"}],"about":[{"href":"https:\/\/www.europesays.com\/fr\/wp-json\/wp\/v2\/types\/post"}],"author":[{"embeddable":true,"href":"https:\/\/www.europesays.com\/fr\/wp-json\/wp\/v2\/users\/2"}],"replies":[{"embeddable":true,"href":"https:\/\/www.europesays.com\/fr\/wp-json\/wp\/v2\/comments?post=417254"}],"version-history":[{"count":0,"href":"https:\/\/www.europesays.com\/fr\/wp-json\/wp\/v2\/posts\/417254\/revisions"}],"wp:featuredmedia":[{"embeddable":true,"href":"https:\/\/www.europesays.com\/fr\/wp-json\/wp\/v2\/media\/417255"}],"wp:attachment":[{"href":"https:\/\/www.europesays.com\/fr\/wp-json\/wp\/v2\/media?parent=417254"}],"wp:term":[{"taxonomy":"category","embeddable":true,"href":"https:\/\/www.europesays.com\/fr\/wp-json\/wp\/v2\/categories?post=417254"},{"taxonomy":"post_tag","embeddable":true,"href":"https:\/\/www.europesays.com\/fr\/wp-json\/wp\/v2\/tags?post=417254"}],"curies":[{"name":"wp","href":"https:\/\/api.w.org\/{rel}","templated":true}]}}