{"id":417266,"date":"2025-09-25T19:55:19","date_gmt":"2025-09-25T19:55:19","guid":{"rendered":"https:\/\/www.europesays.com\/fr\/417266\/"},"modified":"2025-09-25T19:55:19","modified_gmt":"2025-09-25T19:55:19","slug":"le-combat-politique-de-claire-geronimi-face-a-un-homme-sous-oqtf-juge-pour-lavoir-violee-a-paris","status":"publish","type":"post","link":"https:\/\/www.europesays.com\/fr\/417266\/","title":{"rendered":"le combat politique de Claire Geronimi face \u00e0 un homme sous OQTF jug\u00e9 pour l\u2019avoir viol\u00e9e \u00e0 Paris"},"content":{"rendered":"<p><strong>R\u00c9CIT &#8211;<\/strong> Le proc\u00e8s de l\u2019accus\u00e9, un Centrafricain de 27 ans, s\u2019ouvre ce mercredi devant la cour criminelle de Paris. Apr\u00e8s son agression, Claire Geronimi est devenue une figure m\u00e9diatique et politique d\u00e9non\u00e7ant les dysfonctionnements li\u00e9s aux OQTF.<\/p>\n<p class=\"fig-paragraph\">\u00abJe suis tr\u00e8s stress\u00e9e de revoir mon agresseur. Pour moi, une victime ne peut pas se reconstruire tant qu\u2019il n\u2019y a pas eu justice. J\u2019attends que la peine soit exemplaire\u00bb, d\u00e9bute\u00a0<a href=\"http:\/\/www.lefigaro.fr\/vox\/societe\/claire-geronimi-j-ai-besoin-de-vous-pour-que-justice-soit-faite-20250918\" target=\"_blank\" data-fig-type=\"Article\" rel=\"noopener\" data-gtm-custom-categorie=\"navigation\" data-gtm-custom-action=\"crossclick\" data-gtm-custom-label=\"Contextuel\" data-gtm-event=\"customEventSPE\" data-fig-domain=\"LEFIGARO\">Claire Geronimi<\/a>.\u00a0Cette jeune femme de 28 ans, d\u00e9sormais\u00a0<a href=\"http:\/\/www.lefigaro.fr\/politique\/claire-geronimi-victime-d-un-viol-par-un-individu-sous-oqtf-annonce-rejoindre-le-parti-d-eric-ciotti-20250209\" target=\"_blank\" data-fig-type=\"NewsFlash\" rel=\"noopener\" data-gtm-custom-categorie=\"navigation\" data-gtm-custom-action=\"crossclick\" data-gtm-custom-label=\"Contextuel\" data-gtm-event=\"customEventSPE\" data-fig-domain=\"LEFIGARO\">engag\u00e9e en politique aux c\u00f4t\u00e9s d\u2019\u00c9ric Ciotti \u00e0 l\u2019UDR<\/a>, a \u00e9t\u00e9\u00a0<a href=\"http:\/\/www.lefigaro.fr\/faits-divers\/si-l-oqtf-avait-ete-executee-ca-ne-serait-pas-arrive-la-colere-de-claire-violee-par-un-clandestin-dans-le-hall-de-son-immeuble-a-paris-20231217\" target=\"_blank\" data-fig-type=\"NewsFlash\" rel=\"noopener\" data-gtm-custom-categorie=\"navigation\" data-gtm-custom-action=\"crossclick\" data-gtm-custom-label=\"Contextuel\" data-gtm-event=\"customEventSPE\" data-fig-domain=\"LEFIGARO\">viol\u00e9e en plein apr\u00e8s-midi dans son hall d\u2019immeuble<\/a>, \u00e0 Paris, le 11 novembre 2023.<\/p>\n<p class=\"fig-paragraph\">Son agresseur pr\u00e9sum\u00e9, Jordy G., sera jug\u00e9 devant la cour criminelle de Paris \u00e0 partir du mercredi 24 septembre.\u00a0<a href=\"http:\/\/www.lefigaro.fr\/faits-divers\/multicondamne-ultraviolent-sous-oqtf-le-lourd-passe-du-clandestin-suspecte-du-viol-de-claire-geronimi-a-paris-20250320\" target=\"_blank\" data-fig-type=\"NewsFlash\" rel=\"noopener\" data-gtm-custom-categorie=\"navigation\" data-gtm-custom-action=\"crossclick\" data-gtm-custom-label=\"Contextuel\" data-gtm-event=\"customEventSPE\" data-fig-domain=\"LEFIGARO\">Ce Centrafricain de 27 ans au profil ultraviolent<\/a>\u00a0a d\u00e9j\u00e0 \u00e9t\u00e9 condamn\u00e9 11 fois par la justice, notamment pour violences, menaces, ports d\u2019armes ou encore des affaires li\u00e9es aux stup\u00e9fiants. Il est soup\u00e7onn\u00e9 d\u2019avoir viol\u00e9 et agress\u00e9 sexuellement deux jeunes filles durant son enfance, quand il \u00e9tait en famille d\u2019accueil et en foyer. Le suspect faisait en outre l\u2019objet de plusieurs obligations de quitter le territoire fran\u00e7ais (OQTF).<\/p>\n<p>D\u00e9bat sur les OQTF<\/p>\n<p class=\"fig-paragraph\">L\u2019agression de Claire Geronimi avait relanc\u00e9 le d\u00e9bat sur la non-ex\u00e9cution des\u2026<\/p>\n<p class=\"fig-premium-paywall__infos\">\n        Cet article est r\u00e9serv\u00e9 aux abonn\u00e9s.        Il vous reste 89% \u00e0 d\u00e9couvrir.\n    <\/p>\n<p>                <img  data- alt=\"Le Figaro\" class=\"fig-img--complete fig-img\"\/><\/p>\n<p class=\"fig-premium-paywall__title\">Vous avez envie de lire la suite ?<\/p>\n<p class=\"fig-premium-paywall__subtitle\">D\u00e9bloquez tous les articles imm\u00e9diatement.<\/p>\n<p class=\"fig-premium-paywall__connect\">\n                D\u00e9j\u00e0 abonn\u00e9\u00a0?                <a class=\"fig-premium-paywall__connect-link\" href=\"https:\/\/connect.lefigaro.fr\/login?client=horizon_web&amp;type=main&amp;redirect_uri=https%3A%2F%2Fwww.lefigaro.fr%2Ffaits-divers%2Fl-etat-est-cense-nous-proteger-le-combat-politique-de-claire-geronimi-face-a-un-homme-sous-oqtf-juge-pour-l-avoir-violee-a-paris-20250924\" data-js-gtm=\"{&quot;customCategorie&quot;: &quot;conversion&quot;, &quot;customAction&quot;: &quot;before_Landing_Connexion_paywall_auto&quot;, &quot;customLabel&quot;: &quot;bGVmaWdhcm8uZnJfXzFmMDk3OGU2LWRiM2MtNjhkMC1hNDBhLTEzZGZkY2I1YWQ1M19fQXJ0aWNsZQ==_\u00abL\u2019\u00c9tat est cens\u00e9 nous prot\u00e9ger\u00bb\u00a0: le combat politique de Claire Geronimi face \u00e0 un homme sous OQTF jug\u00e9 pour l\u2019avoir viol\u00e9e \u00e0 Paris_76&quot;, &quot;customIDSPE&quot;: &quot;bGVmaWdhcm8uZnJfXzFmMDk3OGU2LWRiM2MtNjhkMC1hNDBhLTEzZGZkY2I1YWQ1M19fQXJ0aWNsZQ==&quot;, &quot;event&quot;: &quot;customEventSPE&quot;}\" target=\"_blank\" rel=\"noopener\"><br \/>\n                    Connectez-vous<br \/>\n                <\/a>\n            <\/p>\n","protected":false},"excerpt":{"rendered":"R\u00c9CIT &#8211; Le proc\u00e8s de l\u2019accus\u00e9, un Centrafricain de 27 ans, s\u2019ouvre ce mercredi devant la cour criminelle&hellip;\n","protected":false},"author":2,"featured_media":417267,"comment_status":"","ping_status":"","sticky":false,"template":"","format":"standard","meta":{"footnotes":""},"categories":[1888],"tags":[1111,1928,11,1927,1777,674,1011,27,12,1926,4347,626,1925,25,1265],"class_list":{"0":"post-417266","1":"post","2":"type-post","3":"status-publish","4":"format-standard","5":"has-post-thumbnail","7":"category-paris","8":"tag-actu","9":"tag-actu-paris","10":"tag-actualites","11":"tag-actualites-paris","12":"tag-eu","13":"tag-europe","14":"tag-fr","15":"tag-france","16":"tag-news","17":"tag-news-paris","18":"tag-oqtf","19":"tag-paris","20":"tag-paris-news","21":"tag-republique-francaise","22":"tag-viol"},"share_on_mastodon":{"url":"https:\/\/pubeurope.com\/@fr\/115266697701334024","error":""},"_links":{"self":[{"href":"https:\/\/www.europesays.com\/fr\/wp-json\/wp\/v2\/posts\/417266","targetHints":{"allow":["GET"]}}],"collection":[{"href":"https:\/\/www.europesays.com\/fr\/wp-json\/wp\/v2\/posts"}],"about":[{"href":"https:\/\/www.europesays.com\/fr\/wp-json\/wp\/v2\/types\/post"}],"author":[{"embeddable":true,"href":"https:\/\/www.europesays.com\/fr\/wp-json\/wp\/v2\/users\/2"}],"replies":[{"embeddable":true,"href":"https:\/\/www.europesays.com\/fr\/wp-json\/wp\/v2\/comments?post=417266"}],"version-history":[{"count":0,"href":"https:\/\/www.europesays.com\/fr\/wp-json\/wp\/v2\/posts\/417266\/revisions"}],"wp:featuredmedia":[{"embeddable":true,"href":"https:\/\/www.europesays.com\/fr\/wp-json\/wp\/v2\/media\/417267"}],"wp:attachment":[{"href":"https:\/\/www.europesays.com\/fr\/wp-json\/wp\/v2\/media?parent=417266"}],"wp:term":[{"taxonomy":"category","embeddable":true,"href":"https:\/\/www.europesays.com\/fr\/wp-json\/wp\/v2\/categories?post=417266"},{"taxonomy":"post_tag","embeddable":true,"href":"https:\/\/www.europesays.com\/fr\/wp-json\/wp\/v2\/tags?post=417266"}],"curies":[{"name":"wp","href":"https:\/\/api.w.org\/{rel}","templated":true}]}}