{"id":417278,"date":"2025-09-25T20:02:14","date_gmt":"2025-09-25T20:02:14","guid":{"rendered":"https:\/\/www.europesays.com\/fr\/417278\/"},"modified":"2025-09-25T20:02:14","modified_gmt":"2025-09-25T20:02:14","slug":"volkswagen-reduit-sa-production-sur-deux-sites-en-allemagne-presse-25-09-2025-a-2131","status":"publish","type":"post","link":"https:\/\/www.europesays.com\/fr\/417278\/","title":{"rendered":"Volkswagen r\u00e9duit sa production sur deux sites en Allemagne &#8211; presse &#8211; 25\/09\/2025 \u00e0 21:31"},"content":{"rendered":"<p>\n Volkswagen<br \/>\n <a href=\"https:\/\/www.boursorama.com\/cours\/1zVOW\/\" rel=\"nofollow noopener\" target=\"_blank\"><br \/>\n  VOWG.DE<br \/>\n <\/a><br \/>\n a pris des mesures pour r\u00e9duire sa production dans deux de ses<br \/>\nusines allemandes produisant des voitures \u00e9lectriques en raison<br \/>\nd&rsquo;une demande plus faible que pr\u00e9vu pour ce type de v\u00e9hicules, a<br \/>\nrapport\u00e9 jeudi le Frankfurter Allgemeine Zeitung.\n<\/p>\n<p>\n Le premier constructeur automobile europ\u00e9en pr\u00e9voit<br \/>\nd&rsquo;interrompre sa production sur son site de Zwickau pendant une<br \/>\nsemaine \u00e0 partir du 6 octobre. Quant \u00e0 l&rsquo;usine d&rsquo;Emden, elle ne<br \/>\ntourne pas \u00e0 pleine capacit\u00e9 et des mises \u00e0 l&rsquo;arr\u00eat temporaires<br \/>\nsont \u00e9galement en discussion, pr\u00e9cise le journal.\n<\/p>\n<p>\n Un porte-parole de Volkzswagen a d\u00e9clar\u00e9 que le groupe<br \/>\najustait sa production \u00e0 la demande. \u00ab\u00a0Sur certains sites, cela<br \/>\nconduira \u00e0 annuler des heures de travail, sur d&rsquo;autres \u00e0 les<br \/>\naugmenter\u00a0\u00bb, a-t-il dit.\n<\/p>\n<p>\n Porsche<br \/>\n <a href=\"https:\/\/www.boursorama.com\/cours\/1zP911\/\" rel=\"nofollow noopener\" target=\"_blank\"><br \/>\n  P911_p.DE<br \/>\n <\/a><br \/>\n et Volkswagen ont chut\u00e9 en Bourse lundi<br \/>\napr\u00e8s que le fabricant de voitures de luxe et sa soci\u00e9t\u00e9 m\u00e8re<br \/>\nont r\u00e9vis\u00e9 \u00e0 la baisse leur perspectives de b\u00e9n\u00e9fice pour 2025,<br \/>\nvendredi, afin de refl\u00e9ter les retards dans le lancement de<br \/>\nleurs projets de v\u00e9hicules \u00e9lectriques (VE).\n<\/p>\n<p>\n (R\u00e9dig\u00e9 par Christoph Steitz, Jean-St\u00e9phane Brosse pour la<br \/>\nversion fran\u00e7aise)<\/p>\n","protected":false},"excerpt":{"rendered":"Volkswagen VOWG.DE a pris des mesures pour r\u00e9duire sa production dans deux de ses usines allemandes produisant des&hellip;\n","protected":false},"author":2,"featured_media":8061,"comment_status":"","ping_status":"","sticky":false,"template":"","format":"standard","meta":{"footnotes":""},"categories":[1587],"tags":[400,11,672,398,408,1804,405,1805,1803,1777,674,1801,403,402,399,404,12,1802,401,406,407],"class_list":{"0":"post-417278","1":"post","2":"type-post","3":"status-publish","4":"format-standard","5":"has-post-thumbnail","7":"category-allemagne","8":"tag-action-cac-40","9":"tag-actualites","10":"tag-allemagne","11":"tag-bourse-de-paris","12":"tag-boursorama","13":"tag-bundesrepublik-deutschland","14":"tag-cotations","15":"tag-de","16":"tag-deutschland","17":"tag-eu","18":"tag-europe","19":"tag-germany","20":"tag-indices-devises","21":"tag-investir","22":"tag-investissement","23":"tag-marche-boursier","24":"tag-news","25":"tag-republique-federale-dallemagne","26":"tag-sicav","27":"tag-trackers","28":"tag-warrants"},"share_on_mastodon":{"url":"https:\/\/pubeurope.com\/@fr\/115266725083677268","error":""},"_links":{"self":[{"href":"https:\/\/www.europesays.com\/fr\/wp-json\/wp\/v2\/posts\/417278","targetHints":{"allow":["GET"]}}],"collection":[{"href":"https:\/\/www.europesays.com\/fr\/wp-json\/wp\/v2\/posts"}],"about":[{"href":"https:\/\/www.europesays.com\/fr\/wp-json\/wp\/v2\/types\/post"}],"author":[{"embeddable":true,"href":"https:\/\/www.europesays.com\/fr\/wp-json\/wp\/v2\/users\/2"}],"replies":[{"embeddable":true,"href":"https:\/\/www.europesays.com\/fr\/wp-json\/wp\/v2\/comments?post=417278"}],"version-history":[{"count":0,"href":"https:\/\/www.europesays.com\/fr\/wp-json\/wp\/v2\/posts\/417278\/revisions"}],"wp:featuredmedia":[{"embeddable":true,"href":"https:\/\/www.europesays.com\/fr\/wp-json\/wp\/v2\/media\/8061"}],"wp:attachment":[{"href":"https:\/\/www.europesays.com\/fr\/wp-json\/wp\/v2\/media?parent=417278"}],"wp:term":[{"taxonomy":"category","embeddable":true,"href":"https:\/\/www.europesays.com\/fr\/wp-json\/wp\/v2\/categories?post=417278"},{"taxonomy":"post_tag","embeddable":true,"href":"https:\/\/www.europesays.com\/fr\/wp-json\/wp\/v2\/tags?post=417278"}],"curies":[{"name":"wp","href":"https:\/\/api.w.org\/{rel}","templated":true}]}}