{"id":417297,"date":"2025-09-25T20:16:22","date_gmt":"2025-09-25T20:16:22","guid":{"rendered":"https:\/\/www.europesays.com\/fr\/417297\/"},"modified":"2025-09-25T20:16:22","modified_gmt":"2025-09-25T20:16:22","slug":"cyclisme-championnats-du-monde-paul-seixas-thomas-voeckler-va-bientot-nous-expliquer","status":"publish","type":"post","link":"https:\/\/www.europesays.com\/fr\/417297\/","title":{"rendered":"Cyclisme. Championnats du monde &#8211; Paul Seixas: \u00abThomas Voeckler va bient\u00f4t nous expliquer&#8230;\u00bb"},"content":{"rendered":"<p> Lire la suite de l&rsquo;article&#13;<\/p>\n<p>\u00a0<\/p>\n<p>&#13;<\/p>\n<p><strong>Tu as eu un beau cadeau d&rsquo;anniversaire mercredi avec cette m\u00e9daille d&rsquo;argent !<\/strong><\/p>\n<p>&#13;<\/p>\n<p>\u00ab\u00a0C&rsquo;est s\u00fbr que \u00e7a me fait plaisir pour mon anniversaire d&rsquo;obtenir une m\u00e9daille. L&rsquo;ann\u00e9e derni\u00e8re, je l&rsquo;avais fait la veille de mon anniversaire. L\u00e0, le jour de mon anniversaire, c&rsquo;est encore diff\u00e9rent. C&rsquo;\u00e9tait quand m\u00eame tr\u00e8s dur et on n&rsquo;est pas pass\u00e9 loin de la gagne. Donc, je pense qu&rsquo;on reviendra pour gagner.<\/p>\n<p>&#13;<\/p>\n<p>\u00a0<\/p>\n<p>&#13;<\/p>\n<p><strong>Comment appr\u00e9hendes-tu une aussi longue distance ?<\/strong><\/p>\n<p>&#13;<\/p>\n<p>C&rsquo;est s\u00fbr que pour moi, \u00e7a va \u00eatre une nouvelle exp\u00e9rience. La course la plus longue que j&rsquo;ai faite, c&rsquo;\u00e9tait la Championnats de France cette ann\u00e9e. Donc, je pense que Thomas va bient\u00f4t nous expliquer nos r\u00f4les. Je suis content de pouvoir \u00eatre ici et d&rsquo;aider l&rsquo;\u00e9quipe. Et puis, on verra pour la distance comment \u00e7a se passera. Mais en tout cas, \u00e7a va \u00eatre tr\u00e8s dur.<\/p>\n<p>&#13;<\/p>\n<p>\u00a0<\/p>\n<p>&#13;<\/p>\n<p><strong>Le taux d&rsquo;humidit\u00e9 peut-il t&rsquo;impacter, Paul ?<\/strong><\/p>\n<p>&#13;<\/p>\n<p>Je pense que les conditions&#8230; Moi, je suis arriv\u00e9 depuis mardi dernier, donc \u00e7a fait un petit moment que je commence \u00e0 m&rsquo;adapter. Je sens que, franchement, au fil des jours, \u00e7a va de mieux en mieux. Donc, c&rsquo;est s\u00fbr que c&rsquo;est impactant.En plus de la chaleur et de l&rsquo;humidit\u00e9 et de l&rsquo;altitude, il y a forc\u00e9ment des facteurs qui sont plus compliqu\u00e9s \u00e0 g\u00e9rer qu&rsquo;en Europe. Donc, du coup, c&rsquo;est s\u00fbr que \u00e7a va \u00eatre impactant. Mais moi, je suis arriv\u00e9 depuis plus longtemps, personnellement, donc je suis peut-\u00eatre un peu mieux adapt\u00e9 que d&rsquo;autres.Apr\u00e8s, \u00e7a d\u00e9pend des organismes aussi, voil\u00e0.<\/p>\n<p>&#13;<\/p>\n<p>\u00a0<\/p>\n<p>&#13;<\/p>\n<p><strong>Comment tu expliques ton chrono individuel. Est-ce que c&rsquo;est la chaleur qui t&rsquo;a g\u00ean\u00e9 ?<\/strong><\/p>\n<p>&#13;<\/p>\n<p>Je pense que c&rsquo;est pas seulement la chaleur, c&rsquo;est un peu tous les facteurs qui ont \u00e9t\u00e9 pr\u00e9sents ce jour-l\u00e0. Et au final, avec du recul, on voit que c&rsquo;est quand m\u00eame le cas avec pas mal de coureurs. Il y a eu beaucoup de&#8230; Nos performances ont \u00e9t\u00e9 un peu diminu\u00e9es par les conditions, on va dire. Et forc\u00e9ment, au d\u00e9but, \u00e7a surprend. Quand on part sur des bases, sur des pacings hauts et qu&rsquo;on se rend compte qu&rsquo;on n&rsquo;est pas capable de tenir, c&rsquo;est toujours un peu frustrant. Mais je pense que les conditions ont beaucoup jou\u00e9 ce jour-l\u00e0, la pollution, l&rsquo;altitude, l&rsquo;humidit\u00e9, la chaleur, tout \u00e9tait r\u00e9uni, donc voil\u00e0, \u00e7a arrive. Et je pense que c&rsquo;\u00e9tait un peu pour tout le monde aussi.<\/p>\n","protected":false},"excerpt":{"rendered":"Lire la suite de l&rsquo;article&#13; \u00a0 &#13; Tu as eu un beau cadeau d&rsquo;anniversaire mercredi avec cette m\u00e9daille&hellip;\n","protected":false},"author":2,"featured_media":417298,"comment_status":"","ping_status":"","sticky":false,"template":"","format":"standard","meta":{"footnotes":""},"categories":[1411],"tags":[22448,1154,207,211,1011,27,209,60,210,212,208,213],"class_list":{"0":"post-417297","1":"post","2":"type-post","3":"status-publish","4":"format-standard","5":"has-post-thumbnail","7":"category-cyclisme","8":"tag-championnats-du-monde","9":"tag-cycling","10":"tag-cyclisme","11":"tag-ffc","12":"tag-fr","13":"tag-france","14":"tag-route","15":"tag-sports","16":"tag-tour-de-france","17":"tag-uci","18":"tag-velo","19":"tag-world-tour"},"share_on_mastodon":{"url":"https:\/\/pubeurope.com\/@fr\/115266780117266258","error":""},"_links":{"self":[{"href":"https:\/\/www.europesays.com\/fr\/wp-json\/wp\/v2\/posts\/417297","targetHints":{"allow":["GET"]}}],"collection":[{"href":"https:\/\/www.europesays.com\/fr\/wp-json\/wp\/v2\/posts"}],"about":[{"href":"https:\/\/www.europesays.com\/fr\/wp-json\/wp\/v2\/types\/post"}],"author":[{"embeddable":true,"href":"https:\/\/www.europesays.com\/fr\/wp-json\/wp\/v2\/users\/2"}],"replies":[{"embeddable":true,"href":"https:\/\/www.europesays.com\/fr\/wp-json\/wp\/v2\/comments?post=417297"}],"version-history":[{"count":0,"href":"https:\/\/www.europesays.com\/fr\/wp-json\/wp\/v2\/posts\/417297\/revisions"}],"wp:featuredmedia":[{"embeddable":true,"href":"https:\/\/www.europesays.com\/fr\/wp-json\/wp\/v2\/media\/417298"}],"wp:attachment":[{"href":"https:\/\/www.europesays.com\/fr\/wp-json\/wp\/v2\/media?parent=417297"}],"wp:term":[{"taxonomy":"category","embeddable":true,"href":"https:\/\/www.europesays.com\/fr\/wp-json\/wp\/v2\/categories?post=417297"},{"taxonomy":"post_tag","embeddable":true,"href":"https:\/\/www.europesays.com\/fr\/wp-json\/wp\/v2\/tags?post=417297"}],"curies":[{"name":"wp","href":"https:\/\/api.w.org\/{rel}","templated":true}]}}