{"id":417303,"date":"2025-09-25T20:19:13","date_gmt":"2025-09-25T20:19:13","guid":{"rendered":"https:\/\/www.europesays.com\/fr\/417303\/"},"modified":"2025-09-25T20:19:13","modified_gmt":"2025-09-25T20:19:13","slug":"a-paris-la-galerie-yves-gastou-fete-40-ans-de-decouvertes","status":"publish","type":"post","link":"https:\/\/www.europesays.com\/fr\/417303\/","title":{"rendered":"\u00c0 Paris, la Galerie Yves Gastou f\u00eate 40\u00a0ans de d\u00e9couvertes"},"content":{"rendered":"<p>En digne h\u00e9ritier de son p\u00e8re, Victor c\u00e9l\u00e8bre ces ann\u00e9es de rencontres avec une exposition de plus d\u2019une vingtaine de pi\u00e8ces.<\/p>\n<p class=\"fig-paragraph\">Il y a quarante ans,\u00a0<a href=\"https:\/\/www.lefigaro.fr\/culture\/encheres\/encheres-collection-yves-gastou-le-galeriste-fou-des-avant-gardes-20240103\" data-fig-type=\"Article\" data-gtm-custom-categorie=\"navigation\" data-gtm-custom-action=\"crossclick\" data-gtm-custom-label=\"Contextuel\" data-gtm-event=\"customEventSPE\" data-fig-domain=\"LEFIGARO\" target=\"_blank\" rel=\"noopener\">Yves Gastou<\/a>\u00a0ouvrait sa galerie rue Bonaparte. Ce chineur fou des avant-gardes, qui avait commenc\u00e9, de Carcassonne \u00e0 Nice, de Toulouse aux\u00a0<a href=\"http:\/\/www.lefigaro.fr\/lifestyle\/les-puces-de-saint-ouen-mode-d-emploi-20241206\" data-fig-type=\"Article\" data-gtm-custom-categorie=\"navigation\" data-gtm-custom-action=\"crossclick\" data-gtm-custom-label=\"Contextuel\" data-gtm-event=\"customEventSPE\" data-fig-domain=\"LEFIGARO\" target=\"_blank\" rel=\"noopener\">puces de Saint-Ouen<\/a>\u00a0\u00e0 Paris, avait une curiosit\u00e9 inou\u00efe pour les arts d\u00e9coratifs et le design. Il en a devanc\u00e9 plus d\u2019un en montrant ses d\u00e9couvertes dans sa galerie ouverte en 1985. Un espace \u00e0 son image dont il confia la r\u00e9alisation \u00e0\u00a0<a href=\"https:\/\/www.lefigaro.fr\/sortir-paris\/2017\/11\/07\/30004-20171107ARTFIG00046-ettore-sottsass-le-maitre-des-formes.php\" data-fig-type=\"Article\" data-gtm-custom-categorie=\"navigation\" data-gtm-custom-action=\"crossclick\" data-gtm-custom-label=\"Contextuel\" data-gtm-event=\"customEventSPE\" data-fig-domain=\"LEFIGARO\" target=\"_blank\" rel=\"noopener\">Ettore Sottsass<\/a>, le talentueux Italien qui fut son premier coup de foudre. Apr\u00e8s sa mort, en 2020, son fils Victor a repris le flambeau de cette enseigne qui a toujours m\u00e9lang\u00e9 les \u00e9poques et les styles, apr\u00e8s avoir travaill\u00e9 quinze ans \u00e0 ses c\u00f4t\u00e9s.<\/p>\n<p class=\"fig-paragraph\">Aujourd\u2019hui, il lui rend hommage avec une exposition c\u00e9l\u00e9brant les 40\u00a0ans de la galerie et un \u00e9pais livre. Elle retrace ce parcours sem\u00e9 de coups de c\u0153ur et de rencontres avec les artistes dont certains n\u2019\u00e9taient pas encore \u00e0 l\u2019apog\u00e9e de leur gloire. \u00ab\u00a0Quelle chance j\u2019ai eue d\u2019avoir re\u00e7u cet h\u00e9ritage sans limites, jamais fig\u00e9, qui m\u2019a permis de m\u2019exprimer \u00e0 ma fa\u00e7on, tout en gardant en m\u00e9moire ce que mon p\u00e8re m\u2019a appris. Il \u00e9tait mon mentor, j\u2019\u00e9tais l\u2019\u00e9l\u00e8ve et j\u2019ai \u00e9t\u00e9 form\u00e9 \u00e0 rude \u00e9cole. Cette attirance pour faire dialoguer le pass\u00e9 et le pr\u00e9sent, entre pi\u00e8ces iconiques et tr\u00e9sors cach\u00e9s, je l\u2019ai en moi tr\u00e8s fortement. Ma ligne est aussi la curiosit\u00e9\u00a0\u00bb, confie Victor Gastou.<\/p>\n<p class=\"fig-body-link\">\n            \u00c0 lire aussi<br \/>\n        <a class=\"fig-body-link__link fig-premium-mark\" href=\"http:\/\/www.lefigaro.fr\/industrie-mode\/yves-gastou-seigneur-des-anneaux-20220125\" data-fig-type=\"Article\" data-gtm-custom-categorie=\"navigation\" data-gtm-custom-action=\"crossclick\" data-gtm-custom-label=\"Contextuel\" data-gtm-event=\"customEventSPE\" data-fig-domain=\"LEFIGARO\" target=\"_blank\" rel=\"noopener\">Yves Gastou, seigneur des anneaux<br \/>\n    <\/a>\n<\/p>\n<p>                                    <a class=\"fig-a11y-skip a11y-hidden\" href=\"#fig-a11y-skip-main-inarticle\"><br \/>\n        Passer la publicit\u00e9<br \/>\n    <\/a><\/p>\n<p>Une enseigne novatrice<\/p>\n<p class=\"fig-paragraph\">Pour retracer cette histoire des styles et des tendances qu\u2019il continue d\u2019\u00e9crire, ce quadrag\u00e9naire, beau gaillard barbu, porte haut et fort les couleurs de la galerie qui a su associer, toujours avec un temps d\u2019avance, l\u2019<a href=\"http:\/\/www.lefigaro.fr\/culture\/patrimoine\/l-architecte-hector-guimard-maitre-de-l-art-nouveau-va-avoir-son-musee-a-paris-20250702\" data-fig-type=\"Article\" data-gtm-custom-categorie=\"navigation\" data-gtm-custom-action=\"crossclick\" data-gtm-custom-label=\"Contextuel\" data-gtm-event=\"customEventSPE\" data-fig-domain=\"LEFIGARO\" target=\"_blank\" rel=\"noopener\">Art nouveau<\/a>\u00a0et l\u2019<a href=\"http:\/\/www.lefigaro.fr\/style\/il-y-a-cent-ans-naissait-le-bijou-art-deco-20250424\" data-fig-type=\"Article\" data-gtm-custom-categorie=\"navigation\" data-gtm-custom-action=\"crossclick\" data-gtm-custom-label=\"Contextuel\" data-gtm-event=\"customEventSPE\" data-fig-domain=\"LEFIGARO\" target=\"_blank\" rel=\"noopener\">Art d\u00e9co\u00a0<\/a>aux verreries italiennes ou aux cr\u00e9ations des ann\u00e9es 1950, jusqu\u2019\u00e0 celles de Memphis. Il lui a fallu retrouver des pi\u00e8ces embl\u00e9matiques de chaque \u00e9poque. En les revoyant, on s\u2019aper\u00e7oit combien l\u2019enseigne parisienne \u00e9tait novatrice.<\/p>\n<p class=\"fig-paragraph\">La galerie fut la premi\u00e8re \u00e0 exposer dans les ann\u00e9es 1980 le mobilier radical et color\u00e9 d\u2019Ettore Sottsass et les cr\u00e9ations sculpturales du Japonais Shiro Kuramata, toutes en transparence. Dans les ann\u00e9es 1990, elle se pencha sur les meubles baroques d\u2019Andr\u00e9 Dubreuil et les sculptures fonctionnelles de Philippe Hiquily. D\u2019autres grandes figures du XXe\u00a0si\u00e8cle &#8211;\u00a0Andr\u00e9 Arbus, Gilbert Poillerat, Ado Chale, Paul Evans ou Jean Touret\u00a0&#8211; et des contemporains comme B\u00e9atrice Serre, Emmanuel Jonckers ou Agn\u00e8s Debizet ont anim\u00e9 ces ann\u00e9es de galerie, de salons comme le PAD (\u00e0 Paris ou \u00e0 Londres) ou de\u00a0<a href=\"https:\/\/www.lefigaro.fr\/arts-expositions\/le-retour-de-la-biennale-des-antiquaires-20211126\" data-fig-type=\"Article\" data-gtm-custom-categorie=\"navigation\" data-gtm-custom-action=\"crossclick\" data-gtm-custom-label=\"Contextuel\" data-gtm-event=\"customEventSPE\" data-fig-domain=\"LEFIGARO\" target=\"_blank\" rel=\"noopener\">Biennale des antiquaires.<\/a><\/p>\n<p class=\"fig-paragraph\">Moins excessif que son p\u00e8re, Victor a gard\u00e9 cette capacit\u00e9 \u00e0 s\u2019enthousiasmer, voire s\u2019enflammer, quand il aime quelqu\u2019un ou quelque chose. Son p\u00e8re lui martelait\u00a0: \u00ab\u00a0Il faut regarder ce que les autres ne voient pas.\u00a0\u00bb Et c\u2019est ce qu\u2019il fait aujourd\u2019hui avec talent.<\/p>\n<p class=\"fig-paragraph\">Jusqu\u2019au 4\u00a0octobre, 12, rue Bonaparte (Paris\u00a06e).\u00a0<a href=\"https:\/\/www.galerieyvesgastou.com\/\" target=\"_blank\" rel=\"sponsored noopener\" data-gtm-custom-categorie=\"navigation\" data-gtm-custom-action=\"crossclick\" data-gtm-custom-label=\"Contextuel\" data-gtm-event=\"customEventSPE\">galerieyvesgastou.com<\/a><\/p>\n","protected":false},"excerpt":{"rendered":"En digne h\u00e9ritier de son p\u00e8re, Victor c\u00e9l\u00e8bre ces ann\u00e9es de rencontres avec une exposition de plus d\u2019une&hellip;\n","protected":false},"author":2,"featured_media":417304,"comment_status":"","ping_status":"","sticky":false,"template":"","format":"standard","meta":{"footnotes":""},"categories":[1358],"tags":[1348,1384,29407,1385,1386,58,59,1011,27,626],"class_list":{"0":"post-417303","1":"post","2":"type-post","3":"status-publish","4":"format-standard","5":"has-post-thumbnail","7":"category-arts-et-design","8":"tag-arts","9":"tag-arts-and-design","10":"tag-arts-decoratifs","11":"tag-arts-et-design","12":"tag-design","13":"tag-divertissement","14":"tag-entertainment","15":"tag-fr","16":"tag-france","17":"tag-paris"},"share_on_mastodon":{"url":"https:\/\/pubeurope.com\/@fr\/115266791894517591","error":""},"_links":{"self":[{"href":"https:\/\/www.europesays.com\/fr\/wp-json\/wp\/v2\/posts\/417303","targetHints":{"allow":["GET"]}}],"collection":[{"href":"https:\/\/www.europesays.com\/fr\/wp-json\/wp\/v2\/posts"}],"about":[{"href":"https:\/\/www.europesays.com\/fr\/wp-json\/wp\/v2\/types\/post"}],"author":[{"embeddable":true,"href":"https:\/\/www.europesays.com\/fr\/wp-json\/wp\/v2\/users\/2"}],"replies":[{"embeddable":true,"href":"https:\/\/www.europesays.com\/fr\/wp-json\/wp\/v2\/comments?post=417303"}],"version-history":[{"count":0,"href":"https:\/\/www.europesays.com\/fr\/wp-json\/wp\/v2\/posts\/417303\/revisions"}],"wp:featuredmedia":[{"embeddable":true,"href":"https:\/\/www.europesays.com\/fr\/wp-json\/wp\/v2\/media\/417304"}],"wp:attachment":[{"href":"https:\/\/www.europesays.com\/fr\/wp-json\/wp\/v2\/media?parent=417303"}],"wp:term":[{"taxonomy":"category","embeddable":true,"href":"https:\/\/www.europesays.com\/fr\/wp-json\/wp\/v2\/categories?post=417303"},{"taxonomy":"post_tag","embeddable":true,"href":"https:\/\/www.europesays.com\/fr\/wp-json\/wp\/v2\/tags?post=417303"}],"curies":[{"name":"wp","href":"https:\/\/api.w.org\/{rel}","templated":true}]}}