{"id":417315,"date":"2025-09-25T20:25:11","date_gmt":"2025-09-25T20:25:11","guid":{"rendered":"https:\/\/www.europesays.com\/fr\/417315\/"},"modified":"2025-09-25T20:25:11","modified_gmt":"2025-09-25T20:25:11","slug":"ousmane-dembele-nouvelle-voiture-a-250-000e-pour-le-ballon-dor","status":"publish","type":"post","link":"https:\/\/www.europesays.com\/fr\/417315\/","title":{"rendered":"Ousmane Demb\u00e9l\u00e9. Nouvelle voiture \u00e0 250 000\u20ac pour le Ballon d&rsquo;or"},"content":{"rendered":"<p><img fetchpriority=\"high\" decoding=\"async\" width=\"620\" height=\"413\" src=\"https:\/\/www.europesays.com\/fr\/wp-content\/uploads\/2025\/09\/Dembele-voiture-620x413.jpg\" alt=\"Ousmane Demb\u00e9l\u00e9. Nouvelle voiture \u00e0 250 000\u20ac pour le Ballon d'or\" class=\"wp-image-379933\"  \/>Une Mercedes-Maybach GLS 600 pour Ousmane Demb\u00e9l\u00e9.<\/p>\n<p>Nouvelle saison sportive, nouveau statut international et nouvelle voiture. Alors qu\u2019il avait boucl\u00e9 son dernier exercice 2024-2025 <a href=\"https:\/\/sportune.20minutes.fr\/psg-nouveau-bolide-a-plus-du-demi-million-deuros-pour-ousmane-dembele-365047\" target=\"_blank\" rel=\"noopener\">au volant d\u2019une bestiale Ferrari Purosangue<\/a>, le Ballon d\u2019or 2025, Ousmane Demb\u00e9l\u00e9, l\u2019a troqu\u00e9 pour une une Mercedes-Maybach GLS 600, un SUV de luxe allemand d\u2019une valeur avoisinant les 250 000 euros.<\/p>\n<p>Apr\u00e8s avoir roul\u00e9 dans la sportive italienne sur la fin de sa saison derni\u00e8re, le joueur du <a href=\"https:\/\/sportune.20minutes.fr\/paris-saint-germain-psg\" target=\"_blank\" rel=\"noopener\">Paris Saint-Germain<\/a> opte cette fois pour un v\u00e9hicule aux dimensions plus imposantes mais pas beaucoup moins prestigieux. La Mercedes-Maybach GLS 600 4MATIC se distingue par son positionnement haut de gamme dans la liste des automobiles que produit le constructeur de Stuttgart.<\/p>\n<p>Aussi polyvalent au volant que sur le terrain<\/p>\n<p>Ce SUV de prestige combine un moteur V8 de 4 litres d\u00e9veloppant 557 chevaux, auxquels s\u2019ajoutent 22 chevaux suppl\u00e9mentaires gr\u00e2ce \u00e0 la technologie semi-hybride. Les performances s\u2019\u00e9tablissent \u00e0 4,9 secondes pour le 0 \u00e0 100 km\/h, avec une vitesse maximale brid\u00e9e \u00e0 250 km\/h.<\/p>\n<p>L\u2019habitacle privil\u00e9gie le confort avec des si\u00e8ges individuels \u00e0 l\u2019arri\u00e8re et une console centrale \u00e9tendue, dans l\u2019esprit \u00ab\u00a0First-Class\u00a0\u00bb cher \u00e0 la marque Maybach. L\u2019ext\u00e9rieur se caract\u00e9rise par un design imposant soulign\u00e9 par des options de peinture bicolore avec une ligne de s\u00e9paration d\u00e9corative.<\/p>\n<p>Ousmane Demb\u00e9l\u00e9 confirme \u00e0 son volant qu\u2019il est aussi polyvalent sur son terrain de pr\u00e9dilection que dans le choix de ses v\u00e9hicules personnels.<\/p>\n<blockquote class=\"tiktok-embed\" style=\"max-width: 605px; min-width: 325px;\" cite=\"https:\/\/www.tiktok.com\/@mxp_psg\/video\/7550600911857421590\" data-video-id=\"7550600911857421590\"><p>\n<a title=\"@mxp_psg\" href=\"https:\/\/www.tiktok.com\/@mxp_psg?refer=embed\" target=\"_blank\" rel=\"noopener\">@mxp_psg<\/a> l\u2019arriv\u00e9 des joueurs du psg au centre d\u2019entra\u00eenement ce matin (16\/09\/2025) <a title=\"campuspsg\" href=\"https:\/\/www.tiktok.com\/tag\/campuspsg?refer=embed\" target=\"_blank\" rel=\"noopener\">#campuspsg<\/a> <a title=\"psg\" href=\"https:\/\/www.tiktok.com\/tag\/psg?refer=embed\" target=\"_blank\" rel=\"noopener\">#psg<\/a> <a title=\"poissy\" href=\"https:\/\/www.tiktok.com\/tag\/poissy?refer=embed\" target=\"_blank\" rel=\"noopener\">#poissy<\/a> <a title=\"\u266c MONTAGEM CONTIGO - Repsaj\" href=\"https:\/\/www.tiktok.com\/music\/MONTAGEM-CONTIGO-7488006889860302849?refer=embed\" target=\"_blank\" rel=\"noopener\">\u266c MONTAGEM CONTIGO \u2013 Repsaj<\/a>\n<\/p><\/blockquote>\n<p>\t<script async src=\"\/\/www.tiktok.com\/embed.js\"><\/script><\/p>\n","protected":false},"excerpt":{"rendered":"Une Mercedes-Maybach GLS 600 pour Ousmane Demb\u00e9l\u00e9. Nouvelle saison sportive, nouveau statut international et nouvelle voiture. Alors qu\u2019il&hellip;\n","protected":false},"author":2,"featured_media":417316,"comment_status":"","ping_status":"","sticky":false,"template":"","format":"standard","meta":{"footnotes":""},"categories":[9],"tags":[1011,27,2782,93,60,3888],"class_list":{"0":"post-417315","1":"post","2":"type-post","3":"status-publish","4":"format-standard","5":"has-post-thumbnail","7":"category-sports","8":"tag-fr","9":"tag-france","10":"tag-ousmane-dembele","11":"tag-psg","12":"tag-sports","13":"tag-voitures"},"share_on_mastodon":{"url":"https:\/\/pubeurope.com\/@fr\/115266815963036232","error":""},"_links":{"self":[{"href":"https:\/\/www.europesays.com\/fr\/wp-json\/wp\/v2\/posts\/417315","targetHints":{"allow":["GET"]}}],"collection":[{"href":"https:\/\/www.europesays.com\/fr\/wp-json\/wp\/v2\/posts"}],"about":[{"href":"https:\/\/www.europesays.com\/fr\/wp-json\/wp\/v2\/types\/post"}],"author":[{"embeddable":true,"href":"https:\/\/www.europesays.com\/fr\/wp-json\/wp\/v2\/users\/2"}],"replies":[{"embeddable":true,"href":"https:\/\/www.europesays.com\/fr\/wp-json\/wp\/v2\/comments?post=417315"}],"version-history":[{"count":0,"href":"https:\/\/www.europesays.com\/fr\/wp-json\/wp\/v2\/posts\/417315\/revisions"}],"wp:featuredmedia":[{"embeddable":true,"href":"https:\/\/www.europesays.com\/fr\/wp-json\/wp\/v2\/media\/417316"}],"wp:attachment":[{"href":"https:\/\/www.europesays.com\/fr\/wp-json\/wp\/v2\/media?parent=417315"}],"wp:term":[{"taxonomy":"category","embeddable":true,"href":"https:\/\/www.europesays.com\/fr\/wp-json\/wp\/v2\/categories?post=417315"},{"taxonomy":"post_tag","embeddable":true,"href":"https:\/\/www.europesays.com\/fr\/wp-json\/wp\/v2\/tags?post=417315"}],"curies":[{"name":"wp","href":"https:\/\/api.w.org\/{rel}","templated":true}]}}