{"id":417317,"date":"2025-09-25T20:26:11","date_gmt":"2025-09-25T20:26:11","guid":{"rendered":"https:\/\/www.europesays.com\/fr\/417317\/"},"modified":"2025-09-25T20:26:11","modified_gmt":"2025-09-25T20:26:11","slug":"tbt9-la-police-intervient-en-pleine-emission-cyril-hanouna-force-de-sexpliquer-avec-les-forces-de-lordre","status":"publish","type":"post","link":"https:\/\/www.europesays.com\/fr\/417317\/","title":{"rendered":"TBT9 : la police intervient en pleine \u00e9mission, Cyril Hanouna forc\u00e9 de s\u2019expliquer avec les forces de l\u2019ordre"},"content":{"rendered":"<p>      R\u00e9sum\u00e9<\/p>\n<p>Lors d&rsquo;une \u00e9mission en direct, Cyril Hanouna a interrompu le jeu pour dialoguer avec la police intrigu\u00e9e par un chroniqueur suspendu en hauteur, avant de poursuivre le show.<\/p>\n<p>        Sommaire<\/p>\n<p>Rien \u00e0 signaler ! Pourtant <a href=\"https:\/\/www.public.fr\/tag\/cyril-hanouna\" target=\"_blank\" rel=\"noopener\">Cyril Hanouna<\/a> a bel et bien cru que la police lui cherchait quelques noises. Ce jeudi 25 septembre 2025, l\u2019animateur de W9 a en effet vu <strong>un fourgon des forces de l\u2019ordre<\/strong> stationner \u00e0 quelques m\u00e8tres des studios<a href=\"https:\/\/www.public.fr\/cyril-hanouna-quitte-deja-lanimation-de-tbt9\" target=\"_blank\" rel=\"noopener\"> d\u2019enregistrement de l\u2019\u00e9mission<\/a> <strong><a href=\"https:\/\/www.public.fr\/tag\/tout-beau-tout-9\" target=\"_blank\" rel=\"noopener\">Tout beau, tout n9uf (TBT9)<\/a><\/strong>.<\/p>\n<p>Face \u00e0 la situation, <a href=\"https:\/\/vsd.fr\/tag\/cyril-hanouna\/\" target=\"_blank\" rel=\"noopener\">\u00ab\u00a0Baba\u00a0\u00bb<\/a> a d\u00e9cid\u00e9 de quitter l\u2019animation en plein direct pour <strong>se renseigner aupr\u00e8s des policiers<\/strong> et conna\u00eetre la raison de leur venue devant les studios. Si l\u2019animateur n\u2019a pas tard\u00e9 \u00e0 quitter son pupitre pour se rendre \u00e0 l\u2019ext\u00e9rieur, c\u2019est parce que celui-ci craignait que le jeu qu\u2019il \u00e9tait en train d\u2019animer dans le before de <strong>TBT9<\/strong> allait poser probl\u00e8me.<\/p>\n<p>Raymond Aabou \u00ab\u00a0suspendu\u00a0\u00bb \u00e0 plusieurs m\u00e8tres du sol<\/p>\n<p>Comme \u00e0 l\u2019\u00e9poque de <strong>TPMP<\/strong>, Cyril Hanouna pr\u00e9sente <strong>Cyril et la famille<\/strong> en before de sa quotidienne. Au cours de cette \u00e9mission diffus\u00e9e aux alentours de 19h, l\u2019animateur encha\u00eene les jeux avec ses chroniqueurs.<\/p>\n<p>Depuis quelques jours, il s\u2019amuse \u00e0 reprendre le jeu <strong>100% Logique<\/strong> de Cyril F\u00e9raud en le transformant en <strong>100% illogiques<\/strong>. Ce jeudi 25 septembre 2025, c\u2019est Raymond Aabou qui devait r\u00e9pondre aux questions. Le chroniqueur, plac\u00e9 sur une nacelle \u00e0 l\u2019ext\u00e9rieur des studios, voyait celle-ci monter de plusieurs m\u00e8tres \u00e0 chaque mauvaise r\u00e9ponse.<\/p>\n<p>Finalement, pour la derni\u00e8re question, le chauffeur livreur devait sauter de cette m\u00eame nacelle pour atterrir sur un immense matelas gonflable en cas de mauvaise r\u00e9ponse. Sans surprise, Cyril Hanouna l\u2019a aiguill\u00e9 vers une mauvaise r\u00e9ponse et attendait donc avec h\u00e2te, avec les autres membres de l\u2019\u00e9quipe de la quotidienne, le saut de son chroniqueur.<\/p>\n<p>La police \u00ab\u00a0intervient\u00a0\u00bb, Cyril Hanouna oblig\u00e9 de les rassurer<\/p>\n<p>Mais avant que Raymond ne s\u2019ex\u00e9cute, un fourgon de police a travers\u00e9 la rue. Celui-ci, apercevant le chroniqueur perch\u00e9 \u00e0 plusieurs m\u00e8tres de hauteur, d\u00e9cide de s\u2019arr\u00eater et observer la situation. <strong>\u00ab\u00a0Il y a la police l\u00e0\u00a0\u00bb<\/strong>, a alors pr\u00e9venu le chauffeur pour interpeller l\u2019animateur.<strong> \u00ab\u00a0Je vais aller les voir attends !\u00a0\u00bb<\/strong>, a r\u00e9pondu \u00ab\u00a0Baba\u00a0\u00bb, se pressant de se rendre \u00e0 l\u2019ext\u00e9rieur pour expliquer la situation.\u00a0<\/p>\n<p><strong>\u00ab\u00a0Bonsoir, vous allez bien ? Je vais aller le faire sauter l\u00e0\u00a0\u00bb<\/strong>, a alors indiqu\u00e9 l\u2019animateur aux nombreux policiers dans le fourgon qui connaissaient visiblement l\u2019animateur. Finalement rassur\u00e9s par les propos de Cyril Hanouna, les membres des forces de l\u2019ordre ont quitt\u00e9 les lieux et Raymond Aabou a pu faire son saut tant attendu depuis plusieurs minutes.\u00a0<\/p>\n<p>      Mentionn\u00e9s dans cet article<\/p>\n<p>      Sur le m\u00eame sujet<\/p>\n","protected":false},"excerpt":{"rendered":"R\u00e9sum\u00e9 Lors d&rsquo;une \u00e9mission en direct, Cyril Hanouna a interrompu le jeu pour dialoguer avec la police intrigu\u00e9e&hellip;\n","protected":false},"author":2,"featured_media":417318,"comment_status":"","ping_status":"","sticky":false,"template":"","format":"standard","meta":{"footnotes":""},"categories":[8],"tags":[1083,58,59,1011,27,1072,22498,22497,2395],"class_list":{"0":"post-417317","1":"post","2":"type-post","3":"status-publish","4":"format-standard","5":"has-post-thumbnail","7":"category-divertissement","8":"tag-cyril-hanouna","9":"tag-divertissement","10":"tag-entertainment","11":"tag-fr","12":"tag-france","13":"tag-police","14":"tag-tout-9-tbt9","15":"tag-tout-beau","16":"tag-w9"},"share_on_mastodon":{"url":"https:\/\/pubeurope.com\/@fr\/115266819573976665","error":""},"_links":{"self":[{"href":"https:\/\/www.europesays.com\/fr\/wp-json\/wp\/v2\/posts\/417317","targetHints":{"allow":["GET"]}}],"collection":[{"href":"https:\/\/www.europesays.com\/fr\/wp-json\/wp\/v2\/posts"}],"about":[{"href":"https:\/\/www.europesays.com\/fr\/wp-json\/wp\/v2\/types\/post"}],"author":[{"embeddable":true,"href":"https:\/\/www.europesays.com\/fr\/wp-json\/wp\/v2\/users\/2"}],"replies":[{"embeddable":true,"href":"https:\/\/www.europesays.com\/fr\/wp-json\/wp\/v2\/comments?post=417317"}],"version-history":[{"count":0,"href":"https:\/\/www.europesays.com\/fr\/wp-json\/wp\/v2\/posts\/417317\/revisions"}],"wp:featuredmedia":[{"embeddable":true,"href":"https:\/\/www.europesays.com\/fr\/wp-json\/wp\/v2\/media\/417318"}],"wp:attachment":[{"href":"https:\/\/www.europesays.com\/fr\/wp-json\/wp\/v2\/media?parent=417317"}],"wp:term":[{"taxonomy":"category","embeddable":true,"href":"https:\/\/www.europesays.com\/fr\/wp-json\/wp\/v2\/categories?post=417317"},{"taxonomy":"post_tag","embeddable":true,"href":"https:\/\/www.europesays.com\/fr\/wp-json\/wp\/v2\/tags?post=417317"}],"curies":[{"name":"wp","href":"https:\/\/api.w.org\/{rel}","templated":true}]}}