{"id":417319,"date":"2025-09-25T20:27:11","date_gmt":"2025-09-25T20:27:11","guid":{"rendered":"https:\/\/www.europesays.com\/fr\/417319\/"},"modified":"2025-09-25T20:27:11","modified_gmt":"2025-09-25T20:27:11","slug":"xiaomi-17-pro-max-17-pro-et-17-les-smartphones-de-la-demesure-sont-officiels","status":"publish","type":"post","link":"https:\/\/www.europesays.com\/fr\/417319\/","title":{"rendered":"Xiaomi 17 Pro Max, 17 Pro et 17 : les smartphones de la d\u00e9mesure sont officiels"},"content":{"rendered":"<p class=\"ed__a-p ed__bdy__l\">Xiaomi maintient un rythme pour le moins soutenu sur le front des annonces de produits. Alors que la marque a annonc\u00e9 le lancement de sa s\u00e9rie de <a href=\"https:\/\/www.lesnumeriques.com\/telephone-portable\/xiaomi-15t-15t-pro-avec-ses-derniers-smartphones-la-marque-vise-plus-que-jamais-les-amateurs-de-photo-n242719.html\" title=\"Xiaomi 15T &amp; 15T Pro\u00a0: avec ses derniers smartphones, la marque vise plus que jamais les amateurs de photo\" rel=\"nofollow noopener\" target=\"_blank\">smartphones 15T<\/a> en Europe, mais aussi son arriv\u00e9e sur le march\u00e9 du gros \u00e9lectrom\u00e9nager en Europe (avec un <a href=\"https:\/\/www.lesnumeriques.com\/lave-linge-sechant\/avec-son-lave-linge-sechant-mijia-xiaomi-glisse-un-pied-dans-la-buanderie-n242755.html\" title=\"Avec son lave-linge s\u00e9chant Mijia, Xiaomi glisse un pied dans la buanderie\" rel=\"nofollow noopener\" target=\"_blank\">lave-linge s\u00e9chant<\/a> et un <a href=\"https:\/\/www.lesnumeriques.com\/refrigerateur\/le-refrigerateur-multiportes-mijia-cross-door-s-apprete-a-jeter-un-froid-n242859.html\" title=\"Le r\u00e9frig\u00e9rateur multiportes Mijia Cross Door s&#039;appr\u00eate \u00e0 jeter un froid\" rel=\"nofollow noopener\" target=\"_blank\">r\u00e9frig\u00e9rateur multiportes<\/a>), \u00e0 l&rsquo;occasion d&rsquo;une conf\u00e9rence organis\u00e9e en Allemagne le 24 septembre, elle officialise sa s\u00e9rie 17 en Chine ce 25 septembre. Ces smartphones prendront la rel\u00e8ve des Xiaomi 15 datant de la fin 2024 (en Chine), esquivant au passage la g\u00e9n\u00e9ration 16.<\/p>\n<p class=\"ed__a-p ed__bdy__l\"><img loading=\"lazy\" decoding=\"async\" src=\"data:image\/svg+xml,%3Csvg xmlns='http:\/\/www.w3.org\/2000\/svg'%3E%3C\/svg%3E\" draggable=\"false\" width=\"1888\" height=\"1210\" class=\"ed__title-xxs\" alt=\"Xiaomi 17 Pro et 17 Pro Max\" style=\"background-color: #f2f2f2; aspect-ratio:1888\/1210;\"\/><\/p>\n<p>Les Xiaomi 17 Pro et 17 Pro Max<\/p>\n<p>\u00a9 Xiaomi<\/p>\n<\/p>\n<p>            Publicit\u00e9, votre contenu continue ci-dessous<\/p>\n<p>        Publicit\u00e9<\/p>\n<p>Des mod\u00e8les Pro \u00e0 deux \u00e9crans<\/p>\n<p class=\"ed__a-p ed__bdy__l\">Les<a href=\"https:\/\/www.lesnumeriques.com\/telephone-portable\/les-xiaomi-17-pro-et-pro-max-profiteront-du-snapdragon-8-elite-gen-5-et-d-un-deuxieme-ecran-au-dos-n242496.html\" title=\"Les Xiaomi 17 Pro et Pro Max profiteront du Snapdragon 8 Elite Gen 5 et d&#039;un deuxi\u00e8me \u00e9cran... au dos !\" rel=\"nofollow noopener\" target=\"_blank\">Xiaomi 17 avaient fait l&rsquo;objet d&rsquo;une campagne de teasing<\/a> ais\u00e9e \u00e0 orchestrer, puisque deux des trois mod\u00e8les au programme (le 17, le 17 Pro et le 17 Pro Max), \u00e0 avoir les deux appareils Pro, embarquent un \u00e9cran dorsal profitant de la nouvelle interface incluse \u00e0 <a href=\"https:\/\/www.lesnumeriques.com\/telephone-portable\/hyperos-3-arrive-xiaomi-livre-son-calendrier-de-mises-a-jour-complet-n242873.html\" title=\"HyperOS 3 arrive\u00a0: Xiaomi livre son calendrier de mises \u00e0 jour complet\" rel=\"nofollow noopener\" target=\"_blank\">HyperOS 3<\/a>. Cet \u00e9cran de 2,9 pouces, perc\u00e9 d&rsquo;un double poin\u00e7on accueillant ses modules photo, se comporte \u00e0 la mani\u00e8re du cover display d&rsquo;un <a href=\"https:\/\/www.lesnumeriques.com\/telephone-portable\/xiaomi-mix-flip-p75333\/test.html\" title=\"Xiaomi Mix Flip : un premier smartphone \u00e0 clapet pour fermer celui de Samsung\" rel=\"nofollow noopener\" target=\"_blank\">Mix Flip<\/a> : il sert de moniteur lors de la capture de photos, affiche heure et notifications, et peut m\u00eame, lorsque le smartphone est affubl\u00e9 d&rsquo;une coque aux faux airs de Game Boy (vraiment officialis\u00e9e d&rsquo;ailleurs !), servir d&rsquo;\u00e9cran de jeu. Au-del\u00e0 du gimmick, cet \u00e9cran dorsal  permet aux 17 Pro et Pro Max d&rsquo;apporter un peu de fra\u00eecheur en termes de design &#8211; m\u00eame si cet \u00e9cran ressemble fort au \u00ab\u00a0plateau\u00a0\u00bb dorsal des <a href=\"https:\/\/www.lesnumeriques.com\/telephone-portable\/apple-iphone-17-pro-17-pro-max-n242199.html\" title=\"iPhone 17 Pro et Pro Max : Apple muscle son haut de gamme\" rel=\"nofollow noopener\" target=\"_blank\">iPhone 17 Pro et Pro Max<\/a> &#8211; tout en \u00e9tant synonyme d&rsquo;\u00e9conomies d&rsquo;\u00e9nergie \u00e0 pr\u00e9voir.<\/p>\n<p class=\"ed__a-p ed__bdy__l\"><img loading=\"lazy\" decoding=\"async\" src=\"data:image\/svg+xml,%3Csvg xmlns='http:\/\/www.w3.org\/2000\/svg'%3E%3C\/svg%3E\" draggable=\"false\" width=\"1842\" height=\"1038\" class=\"ed__title-xxs\" alt=\"Xiaomi 17 Pro et 17 Pro Max\" style=\"background-color: #f2f2f2; aspect-ratio:1842\/1038;\"\/><\/p>\n<p>            Publicit\u00e9, votre contenu continue ci-dessous<\/p>\n<p>        Publicit\u00e9<\/p>\n<p class=\"ed__a-p ed__bdy__l\">La question de l&rsquo;autonomie est ici tout aussi cruciale que celle du design. Toujours gr\u00e2ce \u00e0 l&#8217;emploi de batteries au silicium-carbone, les deux terminaux ne semblent plus s&rsquo;imposer de limites en mati\u00e8re de capacit\u00e9 : au menu, 7 500 mAh au sein du 17 Pro Max avec de la charge filaire \u00e0 100 W et 6 300 dans le 17 Pro. Attention toutefois : \u00e0 leur sortie en Europe, que l&rsquo;on peut attendre autour du MWC de Barcelone (fin f\u00e9vrier\/d\u00e9but mars 2026) si le fabricant s&rsquo;en tient \u00e0 son agenda habituel, il se pourrait que Xiaomi adopte des accumulateurs un poil moins g\u00e9n\u00e9reux, comme il l&rsquo;a d\u00e9j\u00e0 fait avec de pr\u00e9c\u00e9dents produits. Bon point \u00e0 noter : malgr\u00e9 ces batteries XXL, les smartphones ne p\u00e8sent respectivement que 219 g (Pro Max) et 192 g (Pro).<\/p>\n<p class=\"ed__a-p ed__bdy__l\"><img loading=\"lazy\" decoding=\"async\" src=\"data:image\/svg+xml,%3Csvg xmlns='http:\/\/www.w3.org\/2000\/svg'%3E%3C\/svg%3E\" draggable=\"false\" width=\"2074\" height=\"909\" class=\"ed__title-xxs\" alt=\"Xiaomi 17 Pro et 17 Pro Max\" style=\"background-color: #f2f2f2; aspect-ratio:2074\/909;\"\/><\/p>\n<p>Les d\u00e9buts du Snapdragon 8 Elite Gen 5<\/p>\n<p class=\"ed__a-p ed__bdy__l\">Dot\u00e9s d&rsquo;imposantes batteries, les 17 Pro (tout comme le 17) sont par ailleurs munis d&rsquo;une puce que Qualcomm annonce \u00e9conome en \u00e9nergie : le <a href=\"https:\/\/www.lesnumeriques.com\/telephone-portable\/snapdragon-8-elite-gen-5-puissance-et-ia-le-cocktail-detonant-de-qualcomm-a-la-conquete-du-marche-du-smartphone-n242899.html\" title=\"Snapdragon 8 Elite Gen 5 : puissance et IA, le cocktail d\u00e9tonant de Qualcomm \u00e0 la conqu\u00eate du march\u00e9 du smartphone\" rel=\"nofollow noopener\" target=\"_blank\">Snapdragon 8 Elite Gen 5<\/a>, officialis\u00e9 moins de 24 heures auparavant. Le chipset se veut plus puissant que jamais et tourn\u00e9 vers l&rsquo;IA on-device. Ils sont en outre \u00e9quip\u00e9s d&rsquo;\u00e9crans de 6,9 pouces (Pro Max) et 6,3 pouces (Pro) promettant d&rsquo;afficher jusqu&rsquo;\u00e0 3 500 cd\/m\u00b2 et annon\u00e7ant un taux de rafra\u00eechissement variant entre 1 et 120 Hz ; on note que cette caract\u00e9ristique s&rsquo;applique \u00e9galement \u00e0 leur \u00e9cran dorsal.<\/p>\n<p class=\"ed__a-p ed__bdy__l\"><img loading=\"lazy\" decoding=\"async\" src=\"data:image\/svg+xml,%3Csvg xmlns='http:\/\/www.w3.org\/2000\/svg'%3E%3C\/svg%3E\" draggable=\"false\" width=\"1568\" height=\"962\" class=\"ed__title-xxs\" alt=\"Xiaomi 17 Pro et 17 Pro Max\" style=\"background-color: #f2f2f2; aspect-ratio:1568\/962;\"\/><\/p>\n<p class=\"ed__a-p ed__bdy__l\">La disparition des mod\u00e8les Ultra (la s\u00e9rie 15 se r\u00e9partissait entre des Xiaomi 15, 15 Pro et 15 Ultra) ne signe pas l&rsquo;abandon de toute ambition photo. Les mod\u00e8les Pro sont dot\u00e9s de trois capteurs de 50 m\u00e9gapixels, le principal prenant le nom de Light Fusion 950 ; les eux autres sont pourvus d&rsquo;une optique ultra grand-angle et d&rsquo;un t\u00e9l\u00e9objectif x5 : la polyvalence est comme toujours en ligne de mire. Inutile de pr\u00e9ciser que Leica reste le partenaire de choix de Xiaomi, quel que soit l&rsquo;appareil.<\/p>\n<p class=\"ed__a-p ed__bdy__l\"><img loading=\"lazy\" decoding=\"async\" src=\"data:image\/svg+xml,%3Csvg xmlns='http:\/\/www.w3.org\/2000\/svg'%3E%3C\/svg%3E\" draggable=\"false\" width=\"3162\" height=\"2192\" class=\"ed__title-xxs\" alt=\"Le Xiaomi 17\" style=\"background-color: #f2f2f2; aspect-ratio:3162\/2192;\"\/><\/p>\n<p class=\"ed__a-p ed__bdy__l\">Pr\u00e9cisons que le Xiaomi 17 est pourvu du m\u00eame bloc photo, \u00e0 l&rsquo;exception de son module t\u00e9l\u00e9objectif, qui passe \u00e0 un zoom x2,6. Il affiche le m\u00eame format 6,3 pouces que le 17 Pro, et s&rsquo;il perd l&rsquo;\u00e9cran dorsal de son comp\u00e8re, il gagne en contrepartie une batterie de 7 000 mAh.<\/p>\n<p class=\"ed__a-p ed__bdy__l\">Comptez un tarif de d\u00e9part de 4 449 yuans pour le Xiaomi 17, de 4 999 yuans pour le Xiaomi 17 Pro et de 5 999 yuans pour le Xiaomi 17 Pro Max, d\u00e8s \u00e0 pr\u00e9sent disponibles en Chine, et dont la sortie internationale n&rsquo;est pas encore annonc\u00e9e. \u00c0 la conversion brute, c&rsquo;est-\u00e0-dire hors taxes et frais divers, ils sont donc factur\u00e9s respectivement 540 \u20ac, 600 \u20ac et et 720 \u20ac ; des prix bien inf\u00e9rieurs \u00e0 ceux qui leur seront appliqu\u00e9s sur le Vieux continent.<\/p>\n<p>            Publicit\u00e9, votre contenu continue ci-dessous<\/p>\n<p>        Publicit\u00e9<\/p>\n<p class=\"ed__a-p ed__bdy__l\">Les Num\u00e9riques s\u2019installe \u00e0 Beaugrenelle Paris pour <a href=\"https:\/\/www.lesnumeriques.com\/evenement\/les-jours-les-plus-tech-2025.html\" rel=\"nofollow noopener\" target=\"_blank\">Les Jours Les Plus Tech<\/a> : d\u00e9monstrations de produits, conseils d\u2019usage ou d\u2019achat, \u00e9changes avec nos journalistes\u2026D\u00e9couvrez le <a href=\"https:\/\/www.lesnumeriques.com\/evenement\/les-jours-les-plus-tech-2025.html\" rel=\"nofollow noopener\" target=\"_blank\">programme complet<\/a>.<\/p>\n","protected":false},"excerpt":{"rendered":"Xiaomi maintient un rythme pour le moins soutenu sur le front des annonces de produits. Alors que la&hellip;\n","protected":false},"author":2,"featured_media":417320,"comment_status":"","ping_status":"","sticky":false,"template":"","format":"standard","meta":{"footnotes":""},"categories":[7],"tags":[1011,27,43,40,41,39,42,44],"class_list":{"0":"post-417319","1":"post","2":"type-post","3":"status-publish","4":"format-standard","5":"has-post-thumbnail","7":"category-sciences-et-technologies","8":"tag-fr","9":"tag-france","10":"tag-science","11":"tag-science-and-technology","12":"tag-sciences","13":"tag-sciences-et-technologies","14":"tag-technologies","15":"tag-technology"},"share_on_mastodon":{"url":"https:\/\/pubeurope.com\/@fr\/115266823434802798","error":""},"_links":{"self":[{"href":"https:\/\/www.europesays.com\/fr\/wp-json\/wp\/v2\/posts\/417319","targetHints":{"allow":["GET"]}}],"collection":[{"href":"https:\/\/www.europesays.com\/fr\/wp-json\/wp\/v2\/posts"}],"about":[{"href":"https:\/\/www.europesays.com\/fr\/wp-json\/wp\/v2\/types\/post"}],"author":[{"embeddable":true,"href":"https:\/\/www.europesays.com\/fr\/wp-json\/wp\/v2\/users\/2"}],"replies":[{"embeddable":true,"href":"https:\/\/www.europesays.com\/fr\/wp-json\/wp\/v2\/comments?post=417319"}],"version-history":[{"count":0,"href":"https:\/\/www.europesays.com\/fr\/wp-json\/wp\/v2\/posts\/417319\/revisions"}],"wp:featuredmedia":[{"embeddable":true,"href":"https:\/\/www.europesays.com\/fr\/wp-json\/wp\/v2\/media\/417320"}],"wp:attachment":[{"href":"https:\/\/www.europesays.com\/fr\/wp-json\/wp\/v2\/media?parent=417319"}],"wp:term":[{"taxonomy":"category","embeddable":true,"href":"https:\/\/www.europesays.com\/fr\/wp-json\/wp\/v2\/categories?post=417319"},{"taxonomy":"post_tag","embeddable":true,"href":"https:\/\/www.europesays.com\/fr\/wp-json\/wp\/v2\/tags?post=417319"}],"curies":[{"name":"wp","href":"https:\/\/api.w.org\/{rel}","templated":true}]}}