{"id":417323,"date":"2025-09-25T20:29:11","date_gmt":"2025-09-25T20:29:11","guid":{"rendered":"https:\/\/www.europesays.com\/fr\/417323\/"},"modified":"2025-09-25T20:29:11","modified_gmt":"2025-09-25T20:29:11","slug":"lambassadeur-de-russie-en-france-met-en-garde-lotan-sur-un-eventuel-avion-russe-abattu","status":"publish","type":"post","link":"https:\/\/www.europesays.com\/fr\/417323\/","title":{"rendered":"l\u2019ambassadeur de Russie en France met en garde l\u2019Otan sur un \u00e9ventuel avion russe abattu"},"content":{"rendered":"<p>L\u2019ambassadeur de Russie en France, Alexey Meshkov, assure que \u00abbeaucoup d\u2019avions de l\u2019Otan violent l\u2019espace a\u00e9rien russe\u00bb sans pour autant \u00ab\u00eatre abattus\u00bb, et nie en bloc les r\u00e9centes violations de l\u2019espace a\u00e9rien constat\u00e9es par certains pays.<\/p>\n<p class=\"fig-paragraph\">Apr\u00e8s plusieurs violations de l\u2019espace a\u00e9rien de l\u2019Otan par la Russie,\u00a0<a href=\"http:\/\/www.lefigaro.fr\/international\/drones-abattus-en-pologne-moscou-accuse-varsovie-de-propager-des-mythes-pour-aggraver-la-guerre-en-ukraine-20250910\" target=\"_blank\" data-fig-type=\"NewsFlash\" rel=\"noopener\" data-gtm-custom-categorie=\"navigation\" data-gtm-custom-action=\"crossclick\" data-gtm-custom-label=\"Contextuel\" data-gtm-event=\"customEventSPE\" data-fig-domain=\"LEFIGARO\">au-dessus de la Pologne<\/a>\u00a0et\u00a0<a href=\"http:\/\/www.lefigaro.fr\/international\/l-estonie-denonce-une-violation-sans-precedent-de-son-espace-aerien-par-trois-avions-de-combat-russes-20250919\" target=\"_blank\" data-fig-type=\"NewsFlash\" rel=\"noopener\" data-gtm-custom-categorie=\"navigation\" data-gtm-custom-action=\"crossclick\" data-gtm-custom-label=\"Contextuel\" data-gtm-event=\"customEventSPE\" data-fig-domain=\"LEFIGARO\">de l\u2019Estonie<\/a>, les membres de l\u2019Alliance ont donn\u00e9 l\u2019impression d\u2019\u00eatre en d\u00e9saccord sur la fermet\u00e9 dont il fallait faire preuve face \u00e0 de telles incursions. Aux milieux des d\u00e9bats,\u00a0<a href=\"http:\/\/www.lefigaro.fr\/international\/trump-pense-que-les-pays-de-l-otan-devraient-abattre-les-avions-russes-violant-leurs-espaces-aeriens-20250923\" target=\"_blank\" data-fig-type=\"NewsFlash\" rel=\"noopener\" data-gtm-custom-categorie=\"navigation\" data-gtm-custom-action=\"crossclick\" data-gtm-custom-label=\"Contextuel\" data-gtm-event=\"customEventSPE\" data-fig-domain=\"LEFIGARO\">le pr\u00e9sident am\u00e9ricain Donald Trump a m\u00eal\u00e9 sa voix<\/a>\u00a0au d\u00e9bat cette semaine. \u00abPensez-vous que les pays de l\u2019Otan devraient abattre les avions russes s\u2019ils entrent dans leurs espaces a\u00e9riens\u00a0?\u00bb, lui a-t-on demand\u00e9 en marge de l\u2019Assembl\u00e9e g\u00e9n\u00e9rale des Nations unies \u00e0 New York mardi. \u00abOui, je le pense\u00bb, a-t-il l\u00e2ch\u00e9.<\/p>\n<p class=\"fig-paragraph\">Interrog\u00e9 sur la r\u00e9action de la Russie si un des avions russes violant l\u2019espace a\u00e9rien d\u2019un pays de l\u2019Otan venait \u00e0 \u00eatre abattu, l\u2019ambassadeur de Russie en France, Alexey Meshkov, s\u2019est montr\u00e9 ferme\u00a0: \u00ab\u00c7a serait la guerre\u00a0\u00bb. Au micro de\u00a0<a href=\"https:\/\/www.rtl.fr\/actu\/international\/et-si-l-otan-abattait-un-avion-russe-violant-son-espace-aerien-a-serait-la-guerre-previent-l-ambassadeur-de-russie-en-france-sur-rtl-7900545224\" target=\"_blank\" rel=\"sponsored noopener\" data-gtm-custom-categorie=\"navigation\" data-gtm-custom-action=\"crossclick\" data-gtm-custom-label=\"Contextuel\" data-gtm-event=\"customEventSPE\">RTL<\/a>, l\u2019ambassadeur a r\u00e9pliqu\u00e9 aux accusations en assurant \u00abque beaucoup d\u2019avions de l\u2019OTAN violent l\u2019espace a\u00e9rien russe\u00bb sans pour autant \u00ab\u00eatre abattus\u00bb. \u00ab\u00c7a arrive assez souvent\u00bb, pr\u00e9cise le diplomate, sans toutefois citer d\u2019exemples pr\u00e9cis.<\/p>\n<p>                                    <a class=\"fig-a11y-skip a11y-hidden\" href=\"#fig-a11y-skip-main-inarticle\"><br \/>\n        Passer la publicit\u00e9<br \/>\n    <\/a><\/p>\n<p>\u00abCe n\u2019est pas tellement notre truc\u00bb<\/p>\n<p class=\"fig-paragraph\">Pourtant, les intrusions russes sur le territoire des pays membres de l\u2019Otan se multiplient depuis deux semaines. Vendredi, des avions de combat russes arm\u00e9s, Mig-31, ont viol\u00e9\u00a0<a href=\"http:\/\/www.lefigaro.fr\/international\/avions-russes-en-estonie-le-conseil-de-securite-de-l-onu-se-reunit-en-urgence-ce-lundi-20250921\" target=\"_blank\" data-fig-type=\"NewsFlash\" rel=\"noopener\" data-gtm-custom-categorie=\"navigation\" data-gtm-custom-action=\"crossclick\" data-gtm-custom-label=\"Contextuel\" data-gtm-event=\"customEventSPE\" data-fig-domain=\"LEFIGARO\">l\u2019espace a\u00e9rien estonien pendant douze minutes<\/a>, ce qui a conduit l\u2019Otan \u00e0 envoyer des chasseurs et Talinn \u00e0 demander des discussions avec l\u2019Alliance. Cet incident est survenu un peu plus d\u2019une semaine apr\u00e8s que la Pologne a lanc\u00e9 des consultations avec l\u2019Otan \u00e0 la suite de la destruction de drones d\u2019attaque russes au-dessus de l\u2019est du pays.<\/p>\n<p class=\"fig-paragraph\">Des drones d\u2019origine inconnue\u00a0<a href=\"http:\/\/www.lefigaro.fr\/international\/danemark-deux-a-trois-grands-drones-paralysent-le-trafic-aerien-a-l-aeroport-de-copenhague-selon-la-police-20250922\" target=\"_blank\" data-fig-type=\"NewsFlash\" rel=\"noopener\" data-gtm-custom-categorie=\"navigation\" data-gtm-custom-action=\"crossclick\" data-gtm-custom-label=\"Contextuel\" data-gtm-event=\"customEventSPE\" data-fig-domain=\"LEFIGARO\">ont survol\u00e9 des a\u00e9roports civils et militaires au Danemark<\/a>\u00a0pour la deuxi\u00e8me nuit de la semaine lundi et mercredi, bloquant m\u00eame le trafic de l\u2019a\u00e9roport de Copenhague pendant plusieurs heures. La Russie a \u00abfermement\u00bb d\u00e9menti \u00eatre impliqu\u00e9e dans ces survols, son ambassade \u00e0 Copenhague d\u00e9non\u00e7ant une \u00abprovocation orchestr\u00e9e\u00bb. Dans la nuit de lundi \u00e0 mardi, le\u00a0<a href=\"http:\/\/www.lefigaro.fr\/international\/norvege-un-drone-opere-par-un-etranger-saisi-pres-de-l-aeroport-d-oslo-20250925\" target=\"_blank\" data-fig-type=\"NewsFlash\" rel=\"noopener\" data-gtm-custom-categorie=\"navigation\" data-gtm-custom-action=\"crossclick\" data-gtm-custom-label=\"Contextuel\" data-gtm-event=\"customEventSPE\" data-fig-domain=\"LEFIGARO\">trafic a\u00e9rien \u00e0 l\u2019a\u00e9roport d\u2019Oslo<\/a>\u00a0avait \u00e9galement \u00e9t\u00e9 suspendu pendant environ trois heures apr\u00e8s le signalement de la pr\u00e9sence possible d\u2019un drone.<\/p>\n<p class=\"fig-paragraph\">Interrog\u00e9 par RTL \u00e0 ce sujet, l\u2019ambassadeur de Russie en France a \u00e9t\u00e9 cat\u00e9gorique. \u00abNous nions\u00bb \u00eatre li\u00e9s \u00e0 ces actes, a-t-il r\u00e9torqu\u00e9, ajoutant que \u00abla Russie ne fait pas \u00e7a, jouer avec qui que ce soit\u00bb et que \u00abce n\u2019est pas tellement notre truc\u00bb.<\/p>\n<p>Ligne plus dure<\/p>\n<p class=\"fig-paragraph\">Si certains pays de l\u2019Otan ont sembl\u00e9 sugg\u00e9rer d\u2019abattre tout avion franchissant les fronti\u00e8res de l\u2019organisation, d\u2019autres ont insist\u00e9 sur le risque d\u2019\u00eatre entra\u00een\u00e9 dans la spirale d\u2019un conflit. Les pays du flanc oriental de l\u2019Otan, qui se sentent directement menac\u00e9s par Moscou, ont ouvert la voie en appelant \u00e0 une ligne plus dure.<\/p>\n<p class=\"fig-paragraph\">Le premier ministre polonais Donald Tusk a d\u00e9clar\u00e9 que Varsovie r\u00e9agirait \u00abavec fermet\u00e9\u00bb \u00e0 toute violation, et son ministre des Affaires \u00e9trang\u00e8res Radoslaw Sikorski a dit \u00e0 Moscou de ne pas \u00abse plaindre\u00bb si ses avions \u00e9taient abattus. La ministre lituanienne de la D\u00e9fense Dovile Sakaliene a d\u00e9clar\u00e9 que la Turquie, membre de l\u2019Otan, avait \u00abdonn\u00e9 un exemple il y a dix ans\u00bb lorsqu\u2019elle avait abattu un avion russe qui avait p\u00e9n\u00e9tr\u00e9 dans son espace a\u00e9rien depuis la Syrie. Cet incident avait provoqu\u00e9 une crise diplomatique entre Ankara et Moscou, avant que la Turquie ne pr\u00e9sente ses excuses.<\/p>\n<p>                                    <a class=\"fig-a11y-skip a11y-hidden\" href=\"#fig-a11y-skip-main-inarticle_mtf\"><br \/>\n        Passer la publicit\u00e9<br \/>\n    <\/a><\/p>\n<p class=\"fig-paragraph\">Le ministre allemand de la D\u00e9fense Boris Pistorius a mis en garde les alli\u00e9s contre le \u00abpi\u00e8ge\u00bb de l\u2019escalade. \u00abLes demandes pr\u00e9cipit\u00e9es de tirer sur quelque chose dans le ciel ou de faire une grande d\u00e9monstration de force n\u2019aident en rien dans la situation actuelle\u00bb, a-t-il lanc\u00e9. \u00abLe sang-froid n\u2019est ni de la l\u00e2chet\u00e9 ni de la peur, mais une responsabilit\u00e9 envers son propre pays et envers la paix en Europe.\u00bb Le\u00a0<a href=\"http:\/\/www.lefigaro.fr\/international\/emmanuel-macron-met-en-garde-l-onu-contre-la-loi-du-plus-fort-20250924\" target=\"_blank\" data-fig-type=\"Article\" rel=\"noopener\" data-gtm-custom-categorie=\"navigation\" data-gtm-custom-action=\"crossclick\" data-gtm-custom-label=\"Contextuel\" data-gtm-event=\"customEventSPE\" data-fig-domain=\"LEFIGARO\">pr\u00e9sident fran\u00e7ais Emmanuel Macron<\/a>, quant \u00e0 lui, a adopt\u00e9 une position plus ambigu\u00eb, affirmant que les pays de l\u2019Otan devaient \u00abmonter d\u2019un cran\u00bb leur riposte en cas de \u00abnouvelles provocations\u00bb de la Russie. Mais, face \u00e0 ces \u00abtests\u00bb de l\u2019arm\u00e9e russe, \u00abon ne va pas ouvrir le feu\u00bb, a-t-il aussit\u00f4t ajout\u00e9.<\/p>\n","protected":false},"excerpt":{"rendered":"L\u2019ambassadeur de Russie en France, Alexey Meshkov, assure que \u00abbeaucoup d\u2019avions de l\u2019Otan violent l\u2019espace a\u00e9rien russe\u00bb sans&hellip;\n","protected":false},"author":2,"featured_media":417324,"comment_status":"","ping_status":"","sticky":false,"template":"","format":"standard","meta":{"footnotes":""},"categories":[5],"tags":[11,1011,27,14,12,136,132,28],"class_list":{"0":"post-417323","1":"post","2":"type-post","3":"status-publish","4":"format-standard","5":"has-post-thumbnail","7":"category-international","8":"tag-actualites","9":"tag-fr","10":"tag-france","11":"tag-international","12":"tag-news","13":"tag-otan","14":"tag-russie","15":"tag-world"},"share_on_mastodon":{"url":"https:\/\/pubeurope.com\/@fr\/115266831268098724","error":""},"_links":{"self":[{"href":"https:\/\/www.europesays.com\/fr\/wp-json\/wp\/v2\/posts\/417323","targetHints":{"allow":["GET"]}}],"collection":[{"href":"https:\/\/www.europesays.com\/fr\/wp-json\/wp\/v2\/posts"}],"about":[{"href":"https:\/\/www.europesays.com\/fr\/wp-json\/wp\/v2\/types\/post"}],"author":[{"embeddable":true,"href":"https:\/\/www.europesays.com\/fr\/wp-json\/wp\/v2\/users\/2"}],"replies":[{"embeddable":true,"href":"https:\/\/www.europesays.com\/fr\/wp-json\/wp\/v2\/comments?post=417323"}],"version-history":[{"count":0,"href":"https:\/\/www.europesays.com\/fr\/wp-json\/wp\/v2\/posts\/417323\/revisions"}],"wp:featuredmedia":[{"embeddable":true,"href":"https:\/\/www.europesays.com\/fr\/wp-json\/wp\/v2\/media\/417324"}],"wp:attachment":[{"href":"https:\/\/www.europesays.com\/fr\/wp-json\/wp\/v2\/media?parent=417323"}],"wp:term":[{"taxonomy":"category","embeddable":true,"href":"https:\/\/www.europesays.com\/fr\/wp-json\/wp\/v2\/categories?post=417323"},{"taxonomy":"post_tag","embeddable":true,"href":"https:\/\/www.europesays.com\/fr\/wp-json\/wp\/v2\/tags?post=417323"}],"curies":[{"name":"wp","href":"https:\/\/api.w.org\/{rel}","templated":true}]}}