{"id":417325,"date":"2025-09-25T20:30:12","date_gmt":"2025-09-25T20:30:12","guid":{"rendered":"https:\/\/www.europesays.com\/fr\/417325\/"},"modified":"2025-09-25T20:30:12","modified_gmt":"2025-09-25T20:30:12","slug":"ce-que-les-telephones-racontent-dans-laffaire-jubillar-au-moment-ou-il-recherche-delphine-il-se-connecte-sur-leboncoin-liberation","status":"publish","type":"post","link":"https:\/\/www.europesays.com\/fr\/417325\/","title":{"rendered":"Ce que les t\u00e9l\u00e9phones racontent dans l\u2019affaire Jubillar: \u00abAu moment o\u00f9 il recherche Delphine, il se connecte sur Leboncoin &#8211; Lib\u00e9ration"},"content":{"rendered":"<ol>\n<li><a href=\"https:\/\/news.google.com\/rss\/articles\/CBMirAJBVV95cUxNcDl4T1h3bGNKS3dVc0JEWjd6bHMxNE84Q2FpNXNCeGlDRkFReW4wQkRmbDZmX1dWWFpFWlVvZFBkWVIxeGdyTjFpNmx6aUxFbHRVZS1JQkVJWGhuTVpLOWx0eVMwRm1rSnNHSWFNSF9BUHVNcjFhcm5yeXVOZDJTcHQzd1NJNnZ5bVM2RWJPNnpUaE5Vd0U5N1U3WWVTOExicTZSWl83ZlR4cEtWd1FRbVRaS2NKZU9TMnlPR2JiaFhXbVV6bjFuYXhjbVE4THR2NVZKZUY2OHJucmJEMm9BcXJNaktHY3duN0NDSHU3ODV2aUVFRlhNR3g5SURIVFljVVBJXzNkTE1INU0yakNKZU4yVEFaY1FSWFgxNGIyY3QzX0VFS1ItTkxVZUk?oc=5\" target=\"_blank\" rel=\"noopener\">Ce que les t\u00e9l\u00e9phones racontent dans l\u2019affaire Jubillar: \u00abAu moment o\u00f9 il recherche Delphine, il se connecte sur Leboncoin<\/a>&nbsp;&nbsp;Lib\u00e9ration<\/li>\n<li><a href=\"https:\/\/news.google.com\/rss\/articles\/CBMi3gFBVV95cUxPc2hyYjFtd3lFdTZfRFIyWTA5WlpDWDZCR3ZhSDVpVzJiS1FkQ3k5Y014NjhXalFrVHMyS2FQNHRfQWRkdnM4a0V3UW00Y1BuMUx3U2U2Nmhfcmp1ckRUT21rU2M1UE5fWXdrSUJtYzd0UDBsdEFvZUl0ZVBVZUtJVmFSc1Bfb0NXVnJmbnBKbjJpSlVFZzVTWFdrakozMmFJWFEyZ3Awb093VEU2VkhsYmljU2JoNmd5WUFjUzhFcUczMFJmQXphdzh1a3NENGdINWhwWjNUTXZfUVdvRXc?oc=5\" target=\"_blank\" rel=\"noopener\">Proc\u00e8s Jubillar: \u00ab\u00a0C\u00e9dric nous fait confiance\u00a0\u00bb, indique l&rsquo;avocate du principal suspect<\/a>&nbsp;&nbsp;BFMTV<\/li>\n<li><a href=\"https:\/\/news.google.com\/rss\/articles\/CBMi1AFBVV95cUxQQlhQWnFGMnprSzMwd2JCNjR1cG55LWJpVTBvVkRYM0V4MTUwQmR5Z0JneGl3Qk9ISzVLS3NSQkJXaHcwOGNJSFN4V1dYMXJFTUJrcHppdmE4Tk1UWXBwZGxLZkVaeGxTLXYwZllidzdzcHlvZzduT2VjMy1Cb1dMY1ozMWlFQ0pOeVN0Z3hZRUhxaXVZWk1aX2NlU00ycHpvLUc4R1l0QWtadzF6aElvcVVhY2ZIRFdMWklrNUhDaUZTeFRmVVJsS1JLT1FzRVhqWms1Tg?oc=5\" target=\"_blank\" rel=\"noopener\">Tarn. T\u00e9l\u00e9phone \u00e9teint dans la nuit, dernier SMS&#8230; revivez la quatri\u00e8me journ\u00e9e du proc\u00e8s de C\u00e9dric Jubillar<\/a>&nbsp;&nbsp;Le Dauphin\u00e9 Lib\u00e9r\u00e9<\/li>\n<li><a href=\"https:\/\/news.google.com\/rss\/articles\/CBMikgJBVV95cUxPVmplZWhRX0ZQa3hkZTYySndPRWJOamI1RmxUMW5zdkxNcDFPWlY1TW5hQVMzalB1dUNsZTJQU0FQUTRmbHRhaTUxM0RBVkxsVU96a0gxeDZuMGx0ZENfZWNIY2dmVEpPNnJ1czN3MlJKcWhTb2lMQjVpeHVxal9CdDAwSW52blh1bEhTd2Zzc3VuQmlRSkhhLUZEYXkwQUc2WGdrNWNFYXFBY1RwZko3V3hVUTNRZDY3TXQ2VmE3eVR6Q200WUE1NWp5MUlYNUtLNS0ya3Nua0k3Sndwalh0cnY2UjJ0MkNZVlEwR0V4aHkzVVRZQ1lRemhuemhHaUhoUHFhWTBxbWFuQkg3dG9YSUx3?oc=5\" target=\"_blank\" rel=\"noopener\">Proc\u00e8s Jubillar : expertises t\u00e9l\u00e9phoniques, chiens pisteurs\u2026 L\u2019enqu\u00eate pass\u00e9e au crible<\/a>&nbsp;&nbsp;Ouest-France<\/li>\n<li><a href=\"https:\/\/news.google.com\/rss\/articles\/CBMi3wFBVV95cUxOQzc3MUxnNW15SGpBOTJaTlRrbjhfRUl6MGY1ZERhMGZ5VzNTSldCa05oYVhVQlN6bDN0b2ZKS2s5dnR3OFA1LXBoaGFpZVJZQVpDTm5EcGFlR0h4Ulg3TVdTSzYxWjJLZm41S1Z0cXpET1hQVE5RT3hrUGhBc01oZlBJVmRQNWlncGxjSU85dGk1UXZPbVhwMEdUMlItTWlqSkVaZGwwMnFxa0pCaVc1Qm5tMjRVSV8yUkxMMTQwempqMnZ4N09yNXdZVlRKcHdFMXpBRTVGaWo2b09HYS1V?oc=5\" target=\"_blank\" rel=\"noopener\">RECIT. Proc\u00e8s Jubillar : T\u00e9l\u00e9phonie diss\u00e9qu\u00e9e\u2026 la th\u00e8se embrouill\u00e9e d\u2019un \u00ab\u00a0t\u00e9moin-expert\u00a0\u00bb cr\u00e9e le malaise<\/a>&nbsp;&nbsp;ladepeche.fr<\/li>\n<\/ol>\n","protected":false},"excerpt":{"rendered":"Ce que les t\u00e9l\u00e9phones racontent dans l\u2019affaire Jubillar: \u00abAu moment o\u00f9 il recherche Delphine, il se connecte sur&hellip;\n","protected":false},"author":2,"featured_media":417326,"comment_status":"","ping_status":"","sticky":false,"template":"","format":"standard","meta":{"footnotes":""},"categories":[4],"tags":[11,33031,1011,27,12,25],"class_list":{"0":"post-417325","1":"post","2":"type-post","3":"status-publish","4":"format-standard","5":"has-post-thumbnail","7":"category-france","8":"tag-actualites","9":"tag-delphine-jubillar","10":"tag-fr","11":"tag-france","12":"tag-news","13":"tag-republique-francaise"},"share_on_mastodon":{"url":"https:\/\/pubeurope.com\/@fr\/115266835134201971","error":""},"_links":{"self":[{"href":"https:\/\/www.europesays.com\/fr\/wp-json\/wp\/v2\/posts\/417325","targetHints":{"allow":["GET"]}}],"collection":[{"href":"https:\/\/www.europesays.com\/fr\/wp-json\/wp\/v2\/posts"}],"about":[{"href":"https:\/\/www.europesays.com\/fr\/wp-json\/wp\/v2\/types\/post"}],"author":[{"embeddable":true,"href":"https:\/\/www.europesays.com\/fr\/wp-json\/wp\/v2\/users\/2"}],"replies":[{"embeddable":true,"href":"https:\/\/www.europesays.com\/fr\/wp-json\/wp\/v2\/comments?post=417325"}],"version-history":[{"count":0,"href":"https:\/\/www.europesays.com\/fr\/wp-json\/wp\/v2\/posts\/417325\/revisions"}],"wp:featuredmedia":[{"embeddable":true,"href":"https:\/\/www.europesays.com\/fr\/wp-json\/wp\/v2\/media\/417326"}],"wp:attachment":[{"href":"https:\/\/www.europesays.com\/fr\/wp-json\/wp\/v2\/media?parent=417325"}],"wp:term":[{"taxonomy":"category","embeddable":true,"href":"https:\/\/www.europesays.com\/fr\/wp-json\/wp\/v2\/categories?post=417325"},{"taxonomy":"post_tag","embeddable":true,"href":"https:\/\/www.europesays.com\/fr\/wp-json\/wp\/v2\/tags?post=417325"}],"curies":[{"name":"wp","href":"https:\/\/api.w.org\/{rel}","templated":true}]}}