{"id":417329,"date":"2025-09-25T20:32:37","date_gmt":"2025-09-25T20:32:37","guid":{"rendered":"https:\/\/www.europesays.com\/fr\/417329\/"},"modified":"2025-09-25T20:32:37","modified_gmt":"2025-09-25T20:32:37","slug":"loire-vole-dans-le-rer-a-paris-en-2024-un-smartphone-retrouve-dix-mois-apres-a-saint-etienne","status":"publish","type":"post","link":"https:\/\/www.europesays.com\/fr\/417329\/","title":{"rendered":"Loire. Vol\u00e9 dans le RER \u00e0 Paris en 2024, un smartphone retrouv\u00e9 dix mois apr\u00e8s \u00e0 Saint-Etienne"},"content":{"rendered":"<p>C\u2019est une d\u00e9couverte pour le moins surprenante qu\u2019ont r\u00e9alis\u00e9e les policiers de la Section d\u2019intervention de la police nationale ce mardi 23\u00a0septembre.<\/p>\n<p>En patrouille dans le secteur de la rue Antoine-Durafour, les fonctionnaires ont \u00e9t\u00e9 interpell\u00e9s par le comportement suspect de deux individus \u00e0 proximit\u00e9 de la place Saint-Roch, l\u2019un d\u2019entre eux semblant notamment tent\u00e9 de dissimuler un objet.<\/p>\n<p>Au cours du contr\u00f4le de s\u00e9curit\u00e9, les forces de l\u2019ordre vont retrouver sur l\u2019un d\u2019eux un smartphone qui va aussit\u00f4t faire l\u2019objet de recherches approfondies et de nombreuses v\u00e9rifications.<\/p>\n<p>En possession d\u2019une carte bancaire espagnole<\/p>\n<p>Ainsi, les agents se rendent compte que l\u2019appareil a \u00e9t\u00e9 d\u00e9clar\u00e9 vol\u00e9 en novembre\u00a02024 dans un RER \u00e0 Paris. Comme l\u2019explique une source polici\u00e8re, \u00ab\u00a0la victime \u00e9tait en train de consulter son t\u00e9l\u00e9phone quand un voleur lui a arrach\u00e9 des mains, juste avant que les portes ne se referment\u00a0\u00bb.<\/p>\n<p>De plus, le jeune homme \u00e9tait en possession d\u2019une carte bancaire espagnole, pas \u00e0 son nom. \u00c2g\u00e9 de 18 ans, l\u2019individu a \u00e9t\u00e9 interpell\u00e9 puis plac\u00e9 en garde \u00e0 vue. Si la fraude n\u2019a pas pu \u00eatre d\u00e9montr\u00e9e pour le moyen de paiement, ce dernier sera convoqu\u00e9 devant le tribunal de Saint-Etienne au cours des prochaines semaines pour recel de vol pour le t\u00e9l\u00e9phone.<\/p>\n<p>En attendant son jugement, il fait l\u2019objet d\u2019une obligation de quitter le territoire fran\u00e7ais. La personne qui l\u2019accompagnait n\u2019a, quant \u00e0 elle, rien eu \u00e0 se reprocher.<\/p>\n","protected":false},"excerpt":{"rendered":"C\u2019est une d\u00e9couverte pour le moins surprenante qu\u2019ont r\u00e9alis\u00e9e les policiers de la Section d\u2019intervention de la police&hellip;\n","protected":false},"author":2,"featured_media":417330,"comment_status":"","ping_status":"","sticky":false,"template":"","format":"standard","meta":{"footnotes":""},"categories":[9653],"tags":[1111,11,2430,271,272,7539,1777,674,274,1011,27,3367,12,25,4001,7538,104],"class_list":{"0":"post-417329","1":"post","2":"type-post","3":"status-publish","4":"format-standard","5":"has-post-thumbnail","7":"category-saint-etienne","8":"tag-actu","9":"tag-actualites","10":"tag-auvergne-rhone-alpes","11":"tag-crime","12":"tag-delit-et-contravention","13":"tag-edition-loire-sud","14":"tag-eu","15":"tag-europe","16":"tag-faits-divers-justice","17":"tag-fr","18":"tag-france","19":"tag-loire","20":"tag-news","21":"tag-republique-francaise","22":"tag-saint-etienne","23":"tag-saint-etienne-ville","24":"tag-societe"},"share_on_mastodon":{"url":"https:\/\/pubeurope.com\/@fr\/115266843068022925","error":""},"_links":{"self":[{"href":"https:\/\/www.europesays.com\/fr\/wp-json\/wp\/v2\/posts\/417329","targetHints":{"allow":["GET"]}}],"collection":[{"href":"https:\/\/www.europesays.com\/fr\/wp-json\/wp\/v2\/posts"}],"about":[{"href":"https:\/\/www.europesays.com\/fr\/wp-json\/wp\/v2\/types\/post"}],"author":[{"embeddable":true,"href":"https:\/\/www.europesays.com\/fr\/wp-json\/wp\/v2\/users\/2"}],"replies":[{"embeddable":true,"href":"https:\/\/www.europesays.com\/fr\/wp-json\/wp\/v2\/comments?post=417329"}],"version-history":[{"count":0,"href":"https:\/\/www.europesays.com\/fr\/wp-json\/wp\/v2\/posts\/417329\/revisions"}],"wp:featuredmedia":[{"embeddable":true,"href":"https:\/\/www.europesays.com\/fr\/wp-json\/wp\/v2\/media\/417330"}],"wp:attachment":[{"href":"https:\/\/www.europesays.com\/fr\/wp-json\/wp\/v2\/media?parent=417329"}],"wp:term":[{"taxonomy":"category","embeddable":true,"href":"https:\/\/www.europesays.com\/fr\/wp-json\/wp\/v2\/categories?post=417329"},{"taxonomy":"post_tag","embeddable":true,"href":"https:\/\/www.europesays.com\/fr\/wp-json\/wp\/v2\/tags?post=417329"}],"curies":[{"name":"wp","href":"https:\/\/api.w.org\/{rel}","templated":true}]}}