{"id":417357,"date":"2025-09-25T20:47:47","date_gmt":"2025-09-25T20:47:47","guid":{"rendered":"https:\/\/www.europesays.com\/fr\/417357\/"},"modified":"2025-09-25T20:47:47","modified_gmt":"2025-09-25T20:47:47","slug":"paul-meyer-et-nawel-rafik-elmrini-au-centre-gauche","status":"publish","type":"post","link":"https:\/\/www.europesays.com\/fr\/417357\/","title":{"rendered":"Paul Meyer et Nawel Rafik-Elmrini au centre-gauche"},"content":{"rendered":"<p class=\"wp-block-post-excerpt__excerpt\">Anciens adjoints du maire Roland Ries, Paul Meyer et Nawel Rafik-Elmrini se lancent dans la campagne des \u00e9lections municipales avec un mouvement appel\u00e9 \u00ab\u00a0R\u00e9concilier Strasbourg\u00a0\u00bb. L\u2019objectif est de cr\u00e9er une dynamique au centre-gauche, un espace politique pourtant d\u00e9j\u00e0 satur\u00e9. <\/p>\n<p class=\"font-sans\">\n\t\t\tCet article est en acc\u00e8s libre. Pour soutenir Rue89 Strasbourg,<br \/>\n\t\t\t<a class=\"underline\" href=\"https:\/\/www.rue89strasbourg.com\/abonnement\" rel=\"nofollow noopener\" target=\"_blank\">abonnez-vous<\/a>.\n\t\t<\/p>\n<p>Pierre France<\/p>\n<p>Publi\u00e9 le 25 septembre 2025\u00a0\u00a0\u00b7\u00a0\u00a0<\/p>\n<p>Imprim\u00e9 le 25 septembre 2025 \u00e0 22h14\u00a0\u00a0\u00b7\u00a0\u00a0<\/p>\n<p>Modifi\u00e9 le 25 septembre 2025\u00a0\u00a0\u00b7\u00a0\u00a0<\/p>\n<p>\t\t\t\t\t3\u00a0minutes\n<\/p>\n<p class=\"has-drop-cap\">\u00ab\u00a0Je ne pensais pas revenir en politique\u00a0\u00bb. Rencontr\u00e9 dans un caf\u00e9 strasbourgeois fin septembre, Paul Meyer revient sur ses ann\u00e9es loin des projecteurs m\u00e9diatiques. Issu du Parti socialiste dont il a \u00e9t\u00e9 secr\u00e9taire g\u00e9n\u00e9ral jeunes, adjoint du maire de Strasbourg Roland Ries en 2014, il s\u2019\u00e9tait \u00e9chapp\u00e9 de la politique en 2020 apr\u00e8s s\u2019\u00eatre retrouv\u00e9 sur une liste d\u2019union men\u00e9e par le macroniste Alain Fontanel et Jean-Philippe Vetter (Les R\u00e9publicains). \u00ab\u00a0J\u2019avais fait le tour\u00a0\u00bb, dit-il. <\/p>\n<p><a href=\"https:\/\/www.rue89strasbourg.com\/la-newsletter\" rel=\"nofollow noopener\" target=\"_blank\"><img loading=\"lazy\" decoding=\"async\" width=\"1940\" height=\"500\" src=\"https:\/\/www.europesays.com\/fr\/wp-content\/uploads\/2025\/09\/banner-desktop-970x250-1.png\" alt=\"\" class=\"wp-image-360885\" style=\"object-fit:cover;width:970px;height:250px\"  \/><\/a><\/p>\n<p>Une ville fractur\u00e9e<\/p>\n<p>Mais apparemment pas tout \u00e0 fait. Paul Meyer revient apr\u00e8s avoir \u00e9t\u00e9 consultant en \u00ab\u00a0relations publiques, communication et transition environnementale des territoires\u00a0\u00bb apr\u00e8s la victoire des \u00e9cologistes en 2020. \u00ab\u00a0Je pensais qu\u2019ils r\u00e9ussiraient quand m\u00eame \u00e0 mener quelques chantiers\u00a0\u00bb, se rem\u00e9more l\u2019ancien adjoint au maire. <\/p>\n<p>Mais non, \u00e0 ses yeux, les \u00e9cologistes ont tout rat\u00e9. Mais surtout, Jeanne Barseghian et ses alli\u00e9s ont \u00ab\u00a0fractur\u00e9 la ville\u00a0\u00bb\u00a0: <\/p>\n<blockquote class=\"wp-block-quote is-layout-flow wp-block-quote-is-layout-flow\">\n<p>\u00ab\u00a0\u00c0 force de dogmatisme, de tout vouloir conflictualiser, on en arrive \u00e0 ce qu\u2019il n\u2019y ait pas de tram vers Schiltigheim, pas de piste cyclable\u00a0! Cette m\u00e9thode qui consiste \u00e0 prouver qu\u2019on est de gauche en faisant crier la droite est d\u00e9testable.\u00a0\u00bb<\/p>\n<\/blockquote>\n<blockquote class=\"wp-block-pullquote\" id=\"quote-160966\">\n<p>\u00ab\u00a0Le tournant social et populaire, je l\u2019attends toujours.\u00a0\u00bb<\/p>\n<p>Paul Meyer, cofondateur du mouvement \u00ab\u00a0R\u00e9concilier Strasbourg\u00a0\u00bb<\/p><\/blockquote>\n<p>Ces arguments ne sont pas nouveaux dans le d\u00e9bat public. Ils sont r\u00e9p\u00e9t\u00e9s inlassablement par l\u2019opposition au conseil municipal, dont Jean-Philippe Vetter, Pierre Jakubowicz (Horizons) et Catherine Trautmann (Parti socialiste). Pourtant, Paul Meyer l\u2019assure, son engagement d\u2019aujourd\u2019hui est r\u00e9solument \u00ab\u00a0social-d\u00e9mocrate, pour une gauche populaire\u00a0\u00bb. Aucun risque qu\u2019on le retrouve \u00e0 nouveau dans une liste de droite\u00a0:<\/p>\n<blockquote class=\"wp-block-quote is-layout-flow wp-block-quote-is-layout-flow\">\n<p>\u00ab\u00a0Le tournant social et populaire, je l\u2019attends toujours. Pour s\u2019en convaincre, il suffit de lire les critiques envoy\u00e9s par des \u00e9lus de la majorit\u00e9 r\u00e9unis au sein d\u2019un \u201cbloc de gauche\u201d apr\u00e8s cinq ans de mandat\u00a0! \u00c0 l\u2019\u00e9poque de Roland Ries, si nous avions expuls\u00e9 les sans-abris des camps comme Jeanne Barseghian l\u2019a fait, notre majorit\u00e9 aurait explos\u00e9.\u00a0\u00bb<\/p>\n<\/blockquote>\n<p>\t\t\u00ab\u00a0La question des \u00e9tiquettes n\u2019est pas mon probl\u00e8me\u00a0\u00bb<\/p>\n<p>C\u2019est donc \u00e0 gauche que Paul Meyer veut rassembler, avec Nawel Rafik-Elmrini et tous ceux et celles qui rejoignent son mouvement \u00ab\u00a0R\u00e9concilier Strasbourg\u00a0\u00bb. \u00c0 gauche mais \u00e9videmment pas avec les \u00c9cologistes mais pas non plus avec La France insoumise, que Paul Meyer range dans le m\u00eame camp des \u00e9lus conflictuels. Avec les Socialistes\u00a0? Ce sera compliqu\u00e9 dans la mesure ou Paul Meyer en a claqu\u00e9 la porte pour mener son aventure personnelle\u2026<\/p>\n<blockquote class=\"wp-block-quote is-layout-flow wp-block-quote-is-layout-flow\">\n<p>\u00ab\u00a0La question des \u00e9tiquettes n\u2019est pas mon probl\u00e8me\u00a0\u00bb, \u00e9vacue l\u2019ancien \u00e9lu. \u00ab\u00a0Avec Nawel, nous mettons en place notre plateforme. Nous faisons nos propositions (voir plus bas) et nous rejoint qui veut et qui se reconnait dans ce que nous proposons. Nous sommes libres et nous nous donnons les moyens d\u2019aller jusqu\u2019au bout.\u00a0\u00bb<\/p>\n<\/blockquote>\n<p><img loading=\"lazy\" decoding=\"async\" width=\"792\" height=\"594\" src=\"https:\/\/www.europesays.com\/fr\/wp-content\/uploads\/2025\/09\/nre-pm-assos-792x594.jpg\" alt=\"\" class=\"wp-image-361226\"  \/> Paul Meyer et Nawel Rafik-Elmrini en campagne au Forum des associations.Photo\u00a0: R\u00e9concilier Strasbourg \/ Facebook<\/p>\n<p>Cette candidature au centre gauche devra tout de m\u00eame se faire une place dans un cr\u00e9neau d\u00e9j\u00e0 bien occup\u00e9. Outre les Socialistes probablement emmen\u00e9s par l\u2019ancienne maire de Strasbourg Catherine Trautmann, on y trouve Thibaut Vinci avec le Parti radical de gauche, l\u2019ancienne adjointe de Roland Ries Chantal Cutajar et Citoyens engag\u00e9s, sans compter Place publique et G\u00e9n\u00e9ration.s qui devraient partir en coalition avec les \u00c9cologistes. <\/p>\n<p>Les premi\u00e8res propositions de R\u00e9concilier Strasbourg<\/p>\n<ul class=\"wp-block-list\">\n<li><strong>Axe 1\u00a0: R\u00e9concilier public, priv\u00e9 et citoyens. <\/strong>Cr\u00e9er un c\u0153ur pour chaque quartier, int\u00e9grer le d\u00e9veloppement \u00e9conomique aux conseils de quartiers, r\u00e9enchanter le centre-ville notamment pour les personnes \u00e2g\u00e9es et les familles, cr\u00e9er une p\u00e9pini\u00e8re de l\u2019artisanat avec des espaces mutualis\u00e9s\u2026 <\/li>\n<\/ul>\n<ul class=\"wp-block-list\">\n<li><strong>Axe 2\u00a0: Strasbourg \u00e0 l\u2019avant-garde de l\u2019innovation en sant\u00e9. <\/strong>Construire la ville de demain avec des parcours-sant\u00e9, des espaces verts connect\u00e9s, le sport pour tous, cr\u00e9er une \u00e9cole de la sant\u00e9, organiser un forum annuel de l\u2019innovation en sant\u00e9\u2026 <\/li>\n<li><strong>Axe 3\u00a0: Accompagner les transitions. <\/strong>Acc\u00e9l\u00e9rer l\u2019\u00e9lectrification et les mobilit\u00e9s propres, diviser par deux les d\u00e9lais pour les projets de r\u00e9novation \u00e9nerg\u00e9tiques, optimiser les flux pour r\u00e9duire les nuisances et les \u00e9missions li\u00e9es au transport\u2026<\/li>\n<\/ul>\n<p>L\u2019ensemble des propositions est publi\u00e9 au fur et \u00e0 mesure de la campagne sur le <a href=\"https:\/\/www.facebook.com\/profile.php?id=61578470678544\" target=\"_blank\" rel=\"noreferrer noopener nofollow\">profil Facebook de R\u00e9concilier Strasbourg<\/a>.<\/p>\n","protected":false},"excerpt":{"rendered":"Anciens adjoints du maire Roland Ries, Paul Meyer et Nawel Rafik-Elmrini se lancent dans la campagne des \u00e9lections&hellip;\n","protected":false},"author":2,"featured_media":417358,"comment_status":"","ping_status":"","sticky":false,"template":"","format":"standard","meta":{"footnotes":""},"categories":[2820],"tags":[1111,11,2761,1777,674,1011,27,775,54707,12,40815,316,25,640],"class_list":{"0":"post-417357","1":"post","2":"type-post","3":"status-publish","4":"format-standard","5":"has-post-thumbnail","7":"category-strasbourg","8":"tag-actu","9":"tag-actualites","10":"tag-elections-municipales-2026","11":"tag-eu","12":"tag-europe","13":"tag-fr","14":"tag-france","15":"tag-grand-est","16":"tag-nawel-rafik-elmrini","17":"tag-news","18":"tag-paul-meyer","19":"tag-politique","20":"tag-republique-francaise","21":"tag-strasbourg"},"share_on_mastodon":{"url":"https:\/\/pubeurope.com\/@fr\/115266906637566067","error":""},"_links":{"self":[{"href":"https:\/\/www.europesays.com\/fr\/wp-json\/wp\/v2\/posts\/417357","targetHints":{"allow":["GET"]}}],"collection":[{"href":"https:\/\/www.europesays.com\/fr\/wp-json\/wp\/v2\/posts"}],"about":[{"href":"https:\/\/www.europesays.com\/fr\/wp-json\/wp\/v2\/types\/post"}],"author":[{"embeddable":true,"href":"https:\/\/www.europesays.com\/fr\/wp-json\/wp\/v2\/users\/2"}],"replies":[{"embeddable":true,"href":"https:\/\/www.europesays.com\/fr\/wp-json\/wp\/v2\/comments?post=417357"}],"version-history":[{"count":0,"href":"https:\/\/www.europesays.com\/fr\/wp-json\/wp\/v2\/posts\/417357\/revisions"}],"wp:featuredmedia":[{"embeddable":true,"href":"https:\/\/www.europesays.com\/fr\/wp-json\/wp\/v2\/media\/417358"}],"wp:attachment":[{"href":"https:\/\/www.europesays.com\/fr\/wp-json\/wp\/v2\/media?parent=417357"}],"wp:term":[{"taxonomy":"category","embeddable":true,"href":"https:\/\/www.europesays.com\/fr\/wp-json\/wp\/v2\/categories?post=417357"},{"taxonomy":"post_tag","embeddable":true,"href":"https:\/\/www.europesays.com\/fr\/wp-json\/wp\/v2\/tags?post=417357"}],"curies":[{"name":"wp","href":"https:\/\/api.w.org\/{rel}","templated":true}]}}