{"id":417365,"date":"2025-09-25T20:51:18","date_gmt":"2025-09-25T20:51:18","guid":{"rendered":"https:\/\/www.europesays.com\/fr\/417365\/"},"modified":"2025-09-25T20:51:18","modified_gmt":"2025-09-25T20:51:18","slug":"une-fete-geante-detudiants-sur-lile-de-nantes","status":"publish","type":"post","link":"https:\/\/www.europesays.com\/fr\/417365\/","title":{"rendered":"Une f\u00eate g\u00e9ante d\u2019\u00e9tudiants sur l\u2019\u00cele de Nantes"},"content":{"rendered":"<p>C\u2019est devenu une tradition. Chaque ann\u00e9e, les \u00e9tudiants de Nantes sont invit\u00e9s pour un moment festif r\u00e9unissant des associations et des artistes. La quatri\u00e8me \u00e9dition a eu lieu ce jeudi 25\u00a0septembre, sur l\u2019\u00eele de Nantes. <strong>\u00ab\u00a0C\u2019est un condens\u00e9 de leur vie \u00e9tudiante r\u00e9uni sur un m\u00eame lieu<\/strong>, explique Julie Mor\u00e8re, vice-pr\u00e9sidente vie de campus Nantes universit\u00e9. <strong>Il y a toutes les associations, les services de Nantes universit\u00e9, des organisations repr\u00e9sentatives et des partenaires locaux utiles \u00e0 leur quotidien comme, Naolib.\u00a0\u00bb<\/strong><\/p>\n<p>\u00c0 cette occasion, Nantes universit\u00e9 a inaugur\u00e9 le campus terrain de jeu sur l\u2019\u00eele de Nantes autour d\u2019installations pratiques sportives libres de danse, longboard et roller. <strong>\u00ab\u00a0Le parvis \u00e9tait interdit aux skates, on fait une exp\u00e9rimentation avec ce terrain ouvert aux<\/strong> <strong>longboards<\/strong>, annonce Julie Mor\u00e8re.<strong> Ce site est sonore, il faut v\u00e9rifier que cela ne pose pas de probl\u00e8me.\u00a0\u00bb<\/strong><\/p>\n<p>\u00a0<\/p>\n","protected":false},"excerpt":{"rendered":"C\u2019est devenu une tradition. Chaque ann\u00e9e, les \u00e9tudiants de Nantes sont invit\u00e9s pour un moment festif r\u00e9unissant des&hellip;\n","protected":false},"author":2,"featured_media":417366,"comment_status":"","ping_status":"","sticky":false,"template":"","format":"standard","meta":{"footnotes":""},"categories":[2818],"tags":[1111,11,6379,1777,674,4768,1011,27,32403,4323,766,12,2636,25],"class_list":{"0":"post-417365","1":"post","2":"type-post","3":"status-publish","4":"format-standard","5":"has-post-thumbnail","7":"category-nantes","8":"tag-actu","9":"tag-actualites","10":"tag-etudiants","11":"tag-eu","12":"tag-europe","13":"tag-fete","14":"tag-fr","15":"tag-france","16":"tag-geante","17":"tag-ile","18":"tag-nantes","19":"tag-news","20":"tag-pays-de-la-loire","21":"tag-republique-francaise"},"share_on_mastodon":{"url":"https:\/\/pubeurope.com\/@fr\/115266917837647362","error":""},"_links":{"self":[{"href":"https:\/\/www.europesays.com\/fr\/wp-json\/wp\/v2\/posts\/417365","targetHints":{"allow":["GET"]}}],"collection":[{"href":"https:\/\/www.europesays.com\/fr\/wp-json\/wp\/v2\/posts"}],"about":[{"href":"https:\/\/www.europesays.com\/fr\/wp-json\/wp\/v2\/types\/post"}],"author":[{"embeddable":true,"href":"https:\/\/www.europesays.com\/fr\/wp-json\/wp\/v2\/users\/2"}],"replies":[{"embeddable":true,"href":"https:\/\/www.europesays.com\/fr\/wp-json\/wp\/v2\/comments?post=417365"}],"version-history":[{"count":0,"href":"https:\/\/www.europesays.com\/fr\/wp-json\/wp\/v2\/posts\/417365\/revisions"}],"wp:featuredmedia":[{"embeddable":true,"href":"https:\/\/www.europesays.com\/fr\/wp-json\/wp\/v2\/media\/417366"}],"wp:attachment":[{"href":"https:\/\/www.europesays.com\/fr\/wp-json\/wp\/v2\/media?parent=417365"}],"wp:term":[{"taxonomy":"category","embeddable":true,"href":"https:\/\/www.europesays.com\/fr\/wp-json\/wp\/v2\/categories?post=417365"},{"taxonomy":"post_tag","embeddable":true,"href":"https:\/\/www.europesays.com\/fr\/wp-json\/wp\/v2\/tags?post=417365"}],"curies":[{"name":"wp","href":"https:\/\/api.w.org\/{rel}","templated":true}]}}