{"id":417369,"date":"2025-09-25T20:53:14","date_gmt":"2025-09-25T20:53:14","guid":{"rendered":"https:\/\/www.europesays.com\/fr\/417369\/"},"modified":"2025-09-25T20:53:14","modified_gmt":"2025-09-25T20:53:14","slug":"dans-les-theatres-cest-le-grand-chambardement","status":"publish","type":"post","link":"https:\/\/www.europesays.com\/fr\/417369\/","title":{"rendered":"dans les th\u00e9\u00e2tres, c\u2019est le grand chambardement"},"content":{"rendered":"<p>C\u2019est un vent \u00e9trange qui souffle sur la culture \u00e0 Bordeaux, cet automne. Pas une simple brise faisant bruisser les feuilles, mais d\u2019impressionnantes bourrasques qui secouent les branches des arbres. Des salles ferment pour se r\u00e9inventer, d\u2019autres s\u2019appr\u00eatent \u00e0 na\u00eetre ex nihilo, plusieurs enfin changent de mains ou de cap.<\/p>\n<p>Fin 2024, le Krakatoa de M\u00e9rignac fermait pour une longue phase de r\u00e9novation. De restructuration, m\u00eame\u00a0: ce qui \u00e9tait jadis la salle des f\u00eates du quartier d\u2019Arlac poussera sa jauge jusqu\u2019\u00e0 1\u00a0500 places, se dotera d\u2019une seconde salle de concerts au format club (250 spectateurs), de nouveaux espaces de cr\u00e9ation et d\u2019expression. Pendant cette p\u00e9riode, l\u2019\u00e9quipe continue son action en d\u2019autres lieux (notamment Sortie 13 \u00e0 Pessac et dans les autres Smac de l\u2019agglo) et attend sa r\u00e9ouverture au printemps 2026. La Rock School Barbey devrait ensuite entreprendre, \u00e0 son tour, sa longue mue.<\/p>\n<p>        <img decoding=\"async\" id=\"24069029\" src=\"https:\/\/www.europesays.com\/fr\/wp-content\/uploads\/2025\/09\/20250416211036-a14a6185.jpg\" alt=\"En avril dernier, un concert \u00e0 ciel ouvert \u00e9tait organis\u00e9 au c\u0153ur du chantier du Krakatoa de M\u00e9rignac.\" itemprop=\"contentURL\"\/><\/p>\n<p>    En avril dernier, un concert \u00e0 ciel ouvert \u00e9tait organis\u00e9 au c\u0153ur du chantier du Krakatoa de M\u00e9rignac.<\/p>\n<p>GUILLAUME BONNAUD\u00a0\/\u00a0SO<\/p>\n<p>    Michalik aux Salini\u00e8res<\/p>\n<p>Mais le chamboulement le plus spectaculaire se joue dans les th\u00e9\u00e2tres priv\u00e9s. Apr\u00e8s trente ans de gestion semi-publique via une soci\u00e9t\u00e9 d\u2019\u00e9conomie mixte, le Pin Galant de M\u00e9rignac a vu sa d\u00e9l\u00e9gation de service public confi\u00e9e, en f\u00e9vrier dernier, \u00e0 un acteur priv\u00e9\u00a0: S-Pass, filiale du g\u00e9ant Fimalac Entertainment. Mais un autre mastodonte fran\u00e7ais, GL Events, est entr\u00e9 en n\u00e9gociations pour racheter \u00e0 ce dernier l\u2019ensemble de ses activit\u00e9s de gestion de salles\u00a0! <\/p>\n<p>Derri\u00e8re ces affaires de gros sous, c\u2019est l\u2019\u00e9quilibre des activit\u00e9s culturelles et le pluralisme des programmations qui vacillent. Et sous l\u2019impulsion de Lagard\u00e8re Live Entertainment, seul ma\u00eetre \u00e0 bord de l\u2019\u00e9v\u00e9nement, <a href=\"https:\/\/www.sudouest.fr\/bonne-humeur\/les-fous-rires-de-bordeaux-camille-lellouche-en-cloture-d-une-edition-remaniee-25967628.php\" target=\"_blank\" rel=\"follow nofollow noopener\">le festival des Fous Rires de Bordeaux (en mars 2026) change drastiquement de format<\/a>, plus concis et moins pl\u00e9thorique. <\/p>\n<p>\u00c0 une autre \u00e9chelle, trois c\u00e9l\u00e9brit\u00e9s viennent prendre leurs marques dans le paysage culturel bordelais\u00a0: aur\u00e9ol\u00e9 de cinq Moli\u00e8res et d\u2019un curriculum admirable, le com\u00e9dien, dramaturge et metteur en sc\u00e8ne <a href=\"https:\/\/www.sudouest.fr\/culture\/pouvoir-faire-de-la-creation-avec-des-acteurs-bordelais-pourquoi-alexis-michalik-reprend-les-renes-du-theatre-des-salinieres-a-bordeaux-25985367.php\" target=\"_blank\" rel=\"follow nofollow noopener\">Alexis Michalik vient de reprendre les r\u00eanes du Th\u00e9\u00e2tre des Salini\u00e8res<\/a>, rue Buhan, avec l\u2019ambition d\u2019y implanter un mod\u00e8le de cr\u00e9ation th\u00e9\u00e2trale similaire \u00e0 celui du th\u00e9\u00e2tre priv\u00e9 parisien\u00a0: des spectacles de troupes, \u00e9crits par des auteurs contemporains.<\/p>\n<p>Ferrari au F\u00e9mina<\/p>\n<p>Cet \u00e9t\u00e9, le th\u00e9\u00e2tre F\u00e9mina, inaugur\u00e9 il y a plus de cent ans, a augment\u00e9 sa capacit\u00e9 d\u2019accueil (d\u00e9sormais de 1\u00a0213 places) et remodel\u00e9 sa r\u00e9gie. L\u2019humoriste <a href=\"https:\/\/www.sudouest.fr\/culture\/theatre\/interview-jeremy-ferrari-reprend-le-theatre-femina-a-bordeaux-il-faut-essayer-d-apporter-un-truc-en-plus-22781682.php\" target=\"_blank\" rel=\"follow nofollow noopener\">J\u00e9r\u00e9my Ferrari<\/a> et son associ\u00e9 Micka\u00ebl Dion y ont pris leurs quartiers pour neuf ans, avec leur groupe Dark Smile. Ils se lancent \u00e9galement, via une nouvelle soci\u00e9t\u00e9 \u00e0 l\u2019intitul\u00e9 \u00e9loquent (La Conqu\u00eate de l\u2019Ouest), dans l\u2019organisation et l\u2019accueil de grands spectacles en tourn\u00e9e. Et comptent ouvrir, rue des Piliers de Tutelle \u00e0 Bordeaux, un comedy-club avec resto, bar et sc\u00e8ne, sur trois niveaux. <\/p>\n<p>Kev Adams aussi devrait ouvrir, \u00e0 deux rues de l\u00e0, son \u00e9tablissement, sur le mod\u00e8le du Fridge Comedy Club d\u00e9j\u00e0 implant\u00e9 \u00e0 Paris, Bruxelles, Montpellier et Rouen. <\/p>\n<p>D\u00e9cidemment, le rire a le vent en poupe, et pas qu\u2019un peu\u00a0: rarement la rentr\u00e9e culturelle aura \u00e9t\u00e9 secou\u00e9e par pareilles bourrasques.<\/p>\n","protected":false},"excerpt":{"rendered":"C\u2019est un vent \u00e9trange qui souffle sur la culture \u00e0 Bordeaux, cet automne. Pas une simple brise faisant&hellip;\n","protected":false},"author":2,"featured_media":417370,"comment_status":"","ping_status":"","sticky":false,"template":"","format":"standard","meta":{"footnotes":""},"categories":[2817],"tags":[1111,11,1997,1777,674,1011,27,12,2219,25],"class_list":{"0":"post-417369","1":"post","2":"type-post","3":"status-publish","4":"format-standard","5":"has-post-thumbnail","7":"category-bordeaux","8":"tag-actu","9":"tag-actualites","10":"tag-bordeaux","11":"tag-eu","12":"tag-europe","13":"tag-fr","14":"tag-france","15":"tag-news","16":"tag-nouvelle-aquitaine","17":"tag-republique-francaise"},"share_on_mastodon":{"url":"https:\/\/pubeurope.com\/@fr\/115266926268366250","error":""},"_links":{"self":[{"href":"https:\/\/www.europesays.com\/fr\/wp-json\/wp\/v2\/posts\/417369","targetHints":{"allow":["GET"]}}],"collection":[{"href":"https:\/\/www.europesays.com\/fr\/wp-json\/wp\/v2\/posts"}],"about":[{"href":"https:\/\/www.europesays.com\/fr\/wp-json\/wp\/v2\/types\/post"}],"author":[{"embeddable":true,"href":"https:\/\/www.europesays.com\/fr\/wp-json\/wp\/v2\/users\/2"}],"replies":[{"embeddable":true,"href":"https:\/\/www.europesays.com\/fr\/wp-json\/wp\/v2\/comments?post=417369"}],"version-history":[{"count":0,"href":"https:\/\/www.europesays.com\/fr\/wp-json\/wp\/v2\/posts\/417369\/revisions"}],"wp:featuredmedia":[{"embeddable":true,"href":"https:\/\/www.europesays.com\/fr\/wp-json\/wp\/v2\/media\/417370"}],"wp:attachment":[{"href":"https:\/\/www.europesays.com\/fr\/wp-json\/wp\/v2\/media?parent=417369"}],"wp:term":[{"taxonomy":"category","embeddable":true,"href":"https:\/\/www.europesays.com\/fr\/wp-json\/wp\/v2\/categories?post=417369"},{"taxonomy":"post_tag","embeddable":true,"href":"https:\/\/www.europesays.com\/fr\/wp-json\/wp\/v2\/tags?post=417369"}],"curies":[{"name":"wp","href":"https:\/\/api.w.org\/{rel}","templated":true}]}}