{"id":417371,"date":"2025-09-25T20:54:15","date_gmt":"2025-09-25T20:54:15","guid":{"rendered":"https:\/\/www.europesays.com\/fr\/417371\/"},"modified":"2025-09-25T20:54:15","modified_gmt":"2025-09-25T20:54:15","slug":"pres-de-bordeaux-une-nouvelle-balade-de-lalternative-urbaine-autour-des-femmes","status":"publish","type":"post","link":"https:\/\/www.europesays.com\/fr\/417371\/","title":{"rendered":"Pr\u00e8s de Bordeaux, une nouvelle balade de l\u2019Alternative urbaine autour des femmes"},"content":{"rendered":"<p>            Prochains rendez-vous<\/p>\n<p>Elsa Triolet, Colette ou Berthe Lapeyrade sur des plaques, mais aussi les filles et femmes du centre social La Colline, le Centre information sur les droits des femmes et des familles (CIDFF), l\u2019Espace textile, l\u2019US Cenon ou encore le Rocher de Palmer\u00a0: \u00ab\u00a0l\u2019\u00e9claireuse\u00a0\u00bb Mariane Fiori, d\u00e9j\u00e0 bonne connaisseuse de la ville en y animant <a href=\"https:\/\/www.sudouest.fr\/gironde\/cenon\/une-promenade-a-cenon-avec-mariane-fiori-nouvelle-eclaireuse-des-balades-de-l-alternative-urbaine-24489265.php\" target=\"_blank\" rel=\"follow nofollow noopener\">une balade plus g\u00e9n\u00e9raliste<\/a>, emm\u00e8ne les visiteurs.<\/p>\n<p>Apr\u00e8s une premi\u00e8re \u00e9dition le 20\u00a0septembre, une seconde est propos\u00e9e ce samedi\u00a027 (\u00e0 15\u00a0heures), et une troisi\u00e8me est pr\u00e9vue le 25\u00a0octobre (\u00e0 15\u00a0heures). Elle dure une heure et demie et son prix est libre.<\/p>\n","protected":false},"excerpt":{"rendered":"Prochains rendez-vous Elsa Triolet, Colette ou Berthe Lapeyrade sur des plaques, mais aussi les filles et femmes du&hellip;\n","protected":false},"author":2,"featured_media":417372,"comment_status":"","ping_status":"","sticky":false,"template":"","format":"standard","meta":{"footnotes":""},"categories":[2817],"tags":[1111,11,1997,1777,674,1011,27,12,2219,25],"class_list":{"0":"post-417371","1":"post","2":"type-post","3":"status-publish","4":"format-standard","5":"has-post-thumbnail","7":"category-bordeaux","8":"tag-actu","9":"tag-actualites","10":"tag-bordeaux","11":"tag-eu","12":"tag-europe","13":"tag-fr","14":"tag-france","15":"tag-news","16":"tag-nouvelle-aquitaine","17":"tag-republique-francaise"},"share_on_mastodon":{"url":"https:\/\/pubeurope.com\/@fr\/115266929478264015","error":""},"_links":{"self":[{"href":"https:\/\/www.europesays.com\/fr\/wp-json\/wp\/v2\/posts\/417371","targetHints":{"allow":["GET"]}}],"collection":[{"href":"https:\/\/www.europesays.com\/fr\/wp-json\/wp\/v2\/posts"}],"about":[{"href":"https:\/\/www.europesays.com\/fr\/wp-json\/wp\/v2\/types\/post"}],"author":[{"embeddable":true,"href":"https:\/\/www.europesays.com\/fr\/wp-json\/wp\/v2\/users\/2"}],"replies":[{"embeddable":true,"href":"https:\/\/www.europesays.com\/fr\/wp-json\/wp\/v2\/comments?post=417371"}],"version-history":[{"count":0,"href":"https:\/\/www.europesays.com\/fr\/wp-json\/wp\/v2\/posts\/417371\/revisions"}],"wp:featuredmedia":[{"embeddable":true,"href":"https:\/\/www.europesays.com\/fr\/wp-json\/wp\/v2\/media\/417372"}],"wp:attachment":[{"href":"https:\/\/www.europesays.com\/fr\/wp-json\/wp\/v2\/media?parent=417371"}],"wp:term":[{"taxonomy":"category","embeddable":true,"href":"https:\/\/www.europesays.com\/fr\/wp-json\/wp\/v2\/categories?post=417371"},{"taxonomy":"post_tag","embeddable":true,"href":"https:\/\/www.europesays.com\/fr\/wp-json\/wp\/v2\/tags?post=417371"}],"curies":[{"name":"wp","href":"https:\/\/api.w.org\/{rel}","templated":true}]}}