{"id":417373,"date":"2025-09-25T20:55:11","date_gmt":"2025-09-25T20:55:11","guid":{"rendered":"https:\/\/www.europesays.com\/fr\/417373\/"},"modified":"2025-09-25T20:55:11","modified_gmt":"2025-09-25T20:55:11","slug":"nicolas-leroy-nomme-directeur-de-lexploitation-et-des-operations-france-dinsitu-groupe","status":"publish","type":"post","link":"https:\/\/www.europesays.com\/fr\/417373\/","title":{"rendered":"Nicolas Leroy nomm\u00e9 directeur de l\u2019exploitation et des op\u00e9rations France d&rsquo;InSitu Groupe"},"content":{"rendered":"<p>Le Toulousain <a href=\"https:\/\/www.touleco.fr\/Forte-croissance-pour-InSitu-Groupe-qui-surfe-sur-la-vague-du,40323\" class=\"spip_in\" target=\"_blank\" rel=\"noopener\">InSitu Groupe<\/a>, sp\u00e9cialis\u00e9 dans le bureau op\u00e9r\u00e9 haut de gamme, annonce la nomination de Nicolas Leroy en tant que directeur de l\u2019exploitation et des op\u00e9rations France. Il aura pour mission de piloter et d\u2019harmoniser l\u2019ensemble des activit\u00e9s op\u00e9rationnelles sur le territoire, dans un contexte de forte croissance marqu\u00e9 par l\u2019ouverture, en 2026, de sites d\u2019envergure tels que le 33 R\u00e9musat \u00e0 Toulouse et le Work Palace Rive Saint-Germain \u00e0 Paris.<\/p>\n<p>Le groupe vise les 100.000 m\u00e8tres carr\u00e9s sous gestion \u00e0 horizon 2028.<\/p>\n","protected":false},"excerpt":{"rendered":"Le Toulousain InSitu Groupe, sp\u00e9cialis\u00e9 dans le bureau op\u00e9r\u00e9 haut de gamme, annonce la nomination de Nicolas Leroy&hellip;\n","protected":false},"author":2,"featured_media":373637,"comment_status":"","ping_status":"","sticky":false,"template":"","format":"standard","meta":{"footnotes":""},"categories":[2816],"tags":[1111,11,54709,1777,674,1011,27,32387,54708,12,2680,25,2312],"class_list":{"0":"post-417373","1":"post","2":"type-post","3":"status-publish","4":"format-standard","5":"has-post-thumbnail","7":"category-toulouse","8":"tag-actu","9":"tag-actualites","10":"tag-at-home","11":"tag-eu","12":"tag-europe","13":"tag-fr","14":"tag-france","15":"tag-immobilier-tertiaire","16":"tag-insitu","17":"tag-news","18":"tag-occitanie","19":"tag-republique-francaise","20":"tag-toulouse"},"share_on_mastodon":{"url":"","error":""},"_links":{"self":[{"href":"https:\/\/www.europesays.com\/fr\/wp-json\/wp\/v2\/posts\/417373","targetHints":{"allow":["GET"]}}],"collection":[{"href":"https:\/\/www.europesays.com\/fr\/wp-json\/wp\/v2\/posts"}],"about":[{"href":"https:\/\/www.europesays.com\/fr\/wp-json\/wp\/v2\/types\/post"}],"author":[{"embeddable":true,"href":"https:\/\/www.europesays.com\/fr\/wp-json\/wp\/v2\/users\/2"}],"replies":[{"embeddable":true,"href":"https:\/\/www.europesays.com\/fr\/wp-json\/wp\/v2\/comments?post=417373"}],"version-history":[{"count":0,"href":"https:\/\/www.europesays.com\/fr\/wp-json\/wp\/v2\/posts\/417373\/revisions"}],"wp:featuredmedia":[{"embeddable":true,"href":"https:\/\/www.europesays.com\/fr\/wp-json\/wp\/v2\/media\/373637"}],"wp:attachment":[{"href":"https:\/\/www.europesays.com\/fr\/wp-json\/wp\/v2\/media?parent=417373"}],"wp:term":[{"taxonomy":"category","embeddable":true,"href":"https:\/\/www.europesays.com\/fr\/wp-json\/wp\/v2\/categories?post=417373"},{"taxonomy":"post_tag","embeddable":true,"href":"https:\/\/www.europesays.com\/fr\/wp-json\/wp\/v2\/tags?post=417373"}],"curies":[{"name":"wp","href":"https:\/\/api.w.org\/{rel}","templated":true}]}}