{"id":41738,"date":"2025-04-21T14:53:07","date_gmt":"2025-04-21T14:53:07","guid":{"rendered":"https:\/\/www.europesays.com\/fr\/41738\/"},"modified":"2025-04-21T14:53:07","modified_gmt":"2025-04-21T14:53:07","slug":"bukayo-saka-blesse-avant-le-psg-mikel-arteta-donne-de-ses-nouvelles","status":"publish","type":"post","link":"https:\/\/www.europesays.com\/fr\/41738\/","title":{"rendered":"Bukayo Saka bless\u00e9 avant le PSG : Mikel Arteta donne de ses nouvelles"},"content":{"rendered":"<p data-testid=\"article-teaser\">Sorti sur blessure face \u00e0 Ipswich, Saka inqui\u00e8te les fans. Mikel Arteta donne de ses nouvelles avant le choc contre le PSG en Ligue des champions.<\/p>\n<p>En pleine mont\u00e9e en puissance depuis son retour de blessure, Bukayo Saka s\u2019est montr\u00e9 \u00e0 nouveau d\u00e9cisif avec Arsenal m\u00eame s\u2019il n\u2019a pas pu marquer ni d\u00e9livrer de passe d\u00e9cisive contre Ipswich dimanche. Mais une alerte physique lors de la large victoire face \u00e0 Ipswich a soulev\u00e9 des interrogations \u00e0 l\u2019approche du choc europ\u00e9en contre le PSG. Heureusement, Mikel Arteta s\u2019est voulu rassurant apr\u00e8s la rencontre.<\/p>\n<p>L&rsquo;article continue ci-dessous<\/p>\n","protected":false},"excerpt":{"rendered":"Sorti sur blessure face \u00e0 Ipswich, Saka inqui\u00e8te les fans. Mikel Arteta donne de ses nouvelles avant le&hellip;\n","protected":false},"author":2,"featured_media":41739,"comment_status":"","ping_status":"","sticky":false,"template":"","format":"standard","meta":{"footnotes":""},"categories":[2],"tags":[11,5357,12713,1011,27,447,12714,12,91,70,25],"class_list":{"0":"post-41738","1":"post","2":"type-post","3":"status-publish","4":"format-standard","5":"has-post-thumbnail","7":"category-actualites","8":"tag-actualites","9":"tag-arsenal","10":"tag-b-saka","11":"tag-fr","12":"tag-france","13":"tag-ligue-des-champions","14":"tag-m-arteta","15":"tag-news","16":"tag-paris-saint-germain","17":"tag-premier-league","18":"tag-republique-francaise"},"share_on_mastodon":{"url":"https:\/\/pubeurope.com\/@fr\/114376527251768361","error":""},"_links":{"self":[{"href":"https:\/\/www.europesays.com\/fr\/wp-json\/wp\/v2\/posts\/41738","targetHints":{"allow":["GET"]}}],"collection":[{"href":"https:\/\/www.europesays.com\/fr\/wp-json\/wp\/v2\/posts"}],"about":[{"href":"https:\/\/www.europesays.com\/fr\/wp-json\/wp\/v2\/types\/post"}],"author":[{"embeddable":true,"href":"https:\/\/www.europesays.com\/fr\/wp-json\/wp\/v2\/users\/2"}],"replies":[{"embeddable":true,"href":"https:\/\/www.europesays.com\/fr\/wp-json\/wp\/v2\/comments?post=41738"}],"version-history":[{"count":0,"href":"https:\/\/www.europesays.com\/fr\/wp-json\/wp\/v2\/posts\/41738\/revisions"}],"wp:featuredmedia":[{"embeddable":true,"href":"https:\/\/www.europesays.com\/fr\/wp-json\/wp\/v2\/media\/41739"}],"wp:attachment":[{"href":"https:\/\/www.europesays.com\/fr\/wp-json\/wp\/v2\/media?parent=41738"}],"wp:term":[{"taxonomy":"category","embeddable":true,"href":"https:\/\/www.europesays.com\/fr\/wp-json\/wp\/v2\/categories?post=41738"},{"taxonomy":"post_tag","embeddable":true,"href":"https:\/\/www.europesays.com\/fr\/wp-json\/wp\/v2\/tags?post=41738"}],"curies":[{"name":"wp","href":"https:\/\/api.w.org\/{rel}","templated":true}]}}