{"id":417382,"date":"2025-09-25T21:00:12","date_gmt":"2025-09-25T21:00:12","guid":{"rendered":"https:\/\/www.europesays.com\/fr\/417382\/"},"modified":"2025-09-25T21:00:12","modified_gmt":"2025-09-25T21:00:12","slug":"drogue-a-marseille-anatomie-dun-systeme-urbain","status":"publish","type":"post","link":"https:\/\/www.europesays.com\/fr\/417382\/","title":{"rendered":"Drogue \u00e0 Marseille, anatomie d\u2019un syst\u00e8me urbain"},"content":{"rendered":"<p>\n                                                Nous sommes en France aujourd\u2019hui dans Grand reportage. \u00c0 Marseille et la r\u00e9gion PACA, Provence Alpes C\u00f4te d\u2019Azur. Depuis plus de cinquante ans, Marseille est consid\u00e9r\u00e9e comme la \u00abcapitale\u00bb fran\u00e7aise de la drogue. Au lendemain de la Seconde Guerre mondiale, des parrains, corses ou italiens, y ont d\u00e9velopp\u00e9 le narcotrafic en cr\u00e9ant la c\u00e9l\u00e8bre \u00abFrench connection\u00bb. Avec des liens puissants avec les \u00c9tats-Unis pour le march\u00e9 de l&rsquo;h\u00e9ro\u00efne.                    <\/p>\n<p>De nos jours encore, la cit\u00e9 phoc\u00e9enne est gangr\u00e9n\u00e9e par le narcotrafic qui fait beaucoup parler. Comment s\u2019organise ce trafic, quelles en sont les causes et les cons\u00e9quences ? RFI est all\u00e9 \u00e0 la rencontre de : consommateurs, trafiquants, policiers, riverains de points de deal.<\/p>\n<p><strong>\u00abDrogue \u00e0 Marseille, anatomie d\u2019un syst\u00e8me urbain\u00bb, un Grand reportage de Siam Spencer.\u00a0<\/strong><\/p>\n","protected":false},"excerpt":{"rendered":"Nous sommes en France aujourd\u2019hui dans Grand reportage. \u00c0 Marseille et la r\u00e9gion PACA, Provence Alpes C\u00f4te d\u2019Azur.&hellip;\n","protected":false},"author":2,"featured_media":417383,"comment_status":"","ping_status":"","sticky":false,"template":"","format":"standard","meta":{"footnotes":""},"categories":[2814],"tags":[1111,11,1052,1777,674,1011,27,2494,884,12,882,25],"class_list":{"0":"post-417382","1":"post","2":"type-post","3":"status-publish","4":"format-standard","5":"has-post-thumbnail","7":"category-marseille","8":"tag-actu","9":"tag-actualites","10":"tag-drogue","11":"tag-eu","12":"tag-europe","13":"tag-fr","14":"tag-france","15":"tag-grand-reportage","16":"tag-marseille","17":"tag-news","18":"tag-provence-alpes-cote-dazur","19":"tag-republique-francaise"},"share_on_mastodon":{"url":"https:\/\/pubeurope.com\/@fr\/115266953171333254","error":""},"_links":{"self":[{"href":"https:\/\/www.europesays.com\/fr\/wp-json\/wp\/v2\/posts\/417382","targetHints":{"allow":["GET"]}}],"collection":[{"href":"https:\/\/www.europesays.com\/fr\/wp-json\/wp\/v2\/posts"}],"about":[{"href":"https:\/\/www.europesays.com\/fr\/wp-json\/wp\/v2\/types\/post"}],"author":[{"embeddable":true,"href":"https:\/\/www.europesays.com\/fr\/wp-json\/wp\/v2\/users\/2"}],"replies":[{"embeddable":true,"href":"https:\/\/www.europesays.com\/fr\/wp-json\/wp\/v2\/comments?post=417382"}],"version-history":[{"count":0,"href":"https:\/\/www.europesays.com\/fr\/wp-json\/wp\/v2\/posts\/417382\/revisions"}],"wp:featuredmedia":[{"embeddable":true,"href":"https:\/\/www.europesays.com\/fr\/wp-json\/wp\/v2\/media\/417383"}],"wp:attachment":[{"href":"https:\/\/www.europesays.com\/fr\/wp-json\/wp\/v2\/media?parent=417382"}],"wp:term":[{"taxonomy":"category","embeddable":true,"href":"https:\/\/www.europesays.com\/fr\/wp-json\/wp\/v2\/categories?post=417382"},{"taxonomy":"post_tag","embeddable":true,"href":"https:\/\/www.europesays.com\/fr\/wp-json\/wp\/v2\/tags?post=417382"}],"curies":[{"name":"wp","href":"https:\/\/api.w.org\/{rel}","templated":true}]}}