{"id":417386,"date":"2025-09-25T21:02:15","date_gmt":"2025-09-25T21:02:15","guid":{"rendered":"https:\/\/www.europesays.com\/fr\/417386\/"},"modified":"2025-09-25T21:02:15","modified_gmt":"2025-09-25T21:02:15","slug":"le-city-break-automnal-parfait-avant-la-fete-des-lumieres","status":"publish","type":"post","link":"https:\/\/www.europesays.com\/fr\/417386\/","title":{"rendered":"le city break automnal parfait avant la F\u00eate des Lumi\u00e8res"},"content":{"rendered":"<p class=\"mb-4 text-lg md:leading-8 break-words\">Apr\u00e8s trente mois de travaux, la Cour des Loges retrouve enfin sa place <strong>au c\u0153ur du Vieux Lyon<\/strong>. L\u2019h\u00f4tel 5 \u00e9toiles, d\u00e9sormais sous la prestigieuse banni\u00e8re Radisson Collection, a rouvert ses portes en juin 2025, offrant un visage enti\u00e8rement r\u00e9nov\u00e9 qui conjugue respect du patrimoine et touches contemporaines. Plus qu\u2019un simple lieu de s\u00e9jour, il s\u2019impose comme l\u2019escapade id\u00e9ale pour une <strong>parenth\u00e8se culturelle et gastronomique<\/strong> avant la F\u00eate des Lumi\u00e8res, l\u2019un des rendez-vous les plus attendus de l\u2019automne lyonnais.<\/p>\n<p>Un morceau d\u2019histoire au c\u0153ur de Lyon<\/p>\n<p class=\"mb-4 text-lg md:leading-8 break-words\">R\u00e9parti sur quatre maisons reli\u00e9es par six cours int\u00e9rieures, cet <strong>h\u00f4tel iconique a \u00e9t\u00e9 patiemment restaur\u00e9<\/strong> pour pr\u00e9server son \u00e2me Renaissance tout en int\u00e9grant un confort contemporain. \u00c9difi\u00e9e en 1341 pour des marchands italiens, transform\u00e9e en coll\u00e8ge j\u00e9suite au XVIIe si\u00e8cle, habit\u00e9e par des familles modestes jusqu\u2019aux ann\u00e9es 1960, la Cour des Loges avait \u00e9t\u00e9 reconvertie en h\u00f4tel en 1987. Sa r\u00e9cente r\u00e9novation offre un nouveau chapitre \u00e0 ce b\u00e2timent<strong> class\u00e9 au Patrimoine mondial de l\u2019UNESCO<\/strong>. Derri\u00e8re son porche discret, le visiteur <strong>d\u00e9couvre un d\u00e9cor spectaculaire<\/strong> : escaliers \u00e0 vis, plafonds \u00e0 la fran\u00e7aise, colonnes romaines, salons feutr\u00e9s et la grande cour florentine coiff\u00e9e d\u2019une verri\u00e8re culminant \u00e0 17 m\u00e8tres. L\u2019ensemble cr\u00e9e une atmosph\u00e8re th\u00e9\u00e2trale, mais jamais ostentatoire. Le mobilier illustre cette harmonie entre pass\u00e9 et pr\u00e9sent : pi\u00e8ces anciennes, (&#8230;)<\/p>\n<p class=\"mb-4 text-lg md:leading-8 break-words\"><a href=\"https:\/\/www.grazia.fr\/lifestyle\/voyages\/cour-loges-rouvre-portes-lyon-city-break-automnal-parfait-avant-fete-lumieres-1188590.html?utm_campaign=partenariat&amp;utm_source=yahoo-articles&amp;utm_medium=flux\" rel=\"nofollow noopener\" target=\"_blank\" data-ylk=\"slk:Lire la suite sur Grazia;elm:context_link;itc:0;sec:content-canvas\" class=\"link \">Lire la suite sur Grazia<\/a><\/p>\n<p class=\"mb-4 text-lg md:leading-8 break-words\"><a href=\"https:\/\/www.grazia.fr\/lifestyle\/voyages\/perle-meconnue-du-lac-dannecy-ce-village-au-charme-fou-et-aux-paysages-tout-aussi-dingues-est-a-voir-absolument-1102669.html?utm_campaign=partenariat&amp;utm_source=yahoo-articles&amp;utm_medium=flux\" rel=\"nofollow noopener\" target=\"_blank\" data-ylk=\"slk:Perle m\u00e9connue du lac d&#039;Annecy, ce petit village au charme fou et aux paysages tout aussi dingues est \u00e0 voir absolument;elm:context_link;itc:0;sec:content-canvas\" class=\"link \">Perle m\u00e9connue du lac d&rsquo;Annecy, ce petit village au charme fou et aux paysages tout aussi dingues est \u00e0 voir absolument<\/a><br \/><a href=\"https:\/\/www.grazia.fr\/beaute\/maquillage\/cette-marque-culte-de-notre-adolescence-lance-un-mascara-revolutionnaire-qui-fait-depasser-les-cils-des-sourcils-1189003.html?utm_campaign=partenariat&amp;utm_source=yahoo-articles&amp;utm_medium=flux\" rel=\"nofollow noopener\" target=\"_blank\" data-ylk=\"slk:Cette marque culte de notre adolescence lance un mascara r\u00e9volutionnaire... qui fait &quot;d\u00e9passer les cils des sourcils&quot;;elm:context_link;itc:0;sec:content-canvas\" class=\"link \">Cette marque culte de notre adolescence lance un mascara r\u00e9volutionnaire&#8230; qui fait \u00ab\u00a0d\u00e9passer les cils des sourcils\u00a0\u00bb<\/a><br \/><a href=\"https:\/\/www.grazia.fr\/mode\/crush-shopping\/a-moins-de-40-euros-ce-jean-la-redoute-sublime-toutes-les-morphologies-et-fait-des-jambes-de-folie-aussi-apres-50-ans-1188792.html?utm_campaign=partenariat&amp;utm_source=yahoo-articles&amp;utm_medium=flux\" rel=\"nofollow noopener\" target=\"_blank\" data-ylk=\"slk:\u00c0 moins de 40 euros, ce jean La Redoute sublime toutes les morphologies et fait des jambes de folie (aussi apr\u00e8s 50 ans);elm:context_link;itc:0;sec:content-canvas\" class=\"link \">\u00c0 moins de 40 euros, ce jean La Redoute sublime toutes les morphologies et fait des jambes de folie (aussi apr\u00e8s 50 ans)<\/a><br \/><a href=\"https:\/\/www.grazia.fr\/beaute\/forme-minceur\/science-parle-gens-mangent-miel-tous-jours-1188589.html?utm_campaign=partenariat&amp;utm_source=yahoo-articles&amp;utm_medium=flux\" rel=\"nofollow noopener\" target=\"_blank\" data-ylk=\"slk:La science a parl\u00e9 : les gens qui mangent du miel tous les jours...;elm:context_link;itc:0;sec:content-canvas\" class=\"link \">La science a parl\u00e9 : les gens qui mangent du miel tous les jours&#8230;<\/a><br \/><a href=\"https:\/\/www.grazia.fr\/lifestyle\/voyages\/les-experts-ont-tranche-cette-plage-de-sardaigne-aux-eaux-cristallines-est-la-plus-belle-deurope-un-vrai-paradis-1096787.html?utm_campaign=partenariat&amp;utm_source=yahoo-articles&amp;utm_medium=flux\" rel=\"nofollow noopener\" target=\"_blank\" data-ylk=\"slk:Les experts ont tranch\u00e9 : cette incroyable plage de Sardaigne aux eaux cristallines est l&#039;une des plus belles d&#039;Europe, &quot;Un vrai paradis&quot;;elm:context_link;itc:0;sec:content-canvas\" class=\"link \">Les experts ont tranch\u00e9 : cette incroyable plage de Sardaigne aux eaux cristallines est l&rsquo;une des plus belles d&rsquo;Europe, \u00ab\u00a0Un vrai paradis\u00a0\u00bb<\/a><\/p>\n","protected":false},"excerpt":{"rendered":"Apr\u00e8s trente mois de travaux, la Cour des Loges retrouve enfin sa place au c\u0153ur du Vieux Lyon.&hellip;\n","protected":false},"author":2,"featured_media":417387,"comment_status":"","ping_status":"","sticky":false,"template":"","format":"standard","meta":{"footnotes":""},"categories":[1889],"tags":[1111,11,2430,1777,674,48836,1011,27,8935,2428,12,7606,54711,25,5287],"class_list":{"0":"post-417386","1":"post","2":"type-post","3":"status-publish","4":"format-standard","5":"has-post-thumbnail","7":"category-lyon","8":"tag-actu","9":"tag-actualites","10":"tag-auvergne-rhone-alpes","11":"tag-eu","12":"tag-europe","13":"tag-fete-des-lumieres","14":"tag-fr","15":"tag-france","16":"tag-la-cour","17":"tag-lyon","18":"tag-news","19":"tag-patrimoine-mondial-de-lunesco","20":"tag-plafonds-a-la-francaise","21":"tag-republique-francaise","22":"tag-vieux-lyon"},"share_on_mastodon":{"url":"https:\/\/pubeurope.com\/@fr\/115266960914311361","error":""},"_links":{"self":[{"href":"https:\/\/www.europesays.com\/fr\/wp-json\/wp\/v2\/posts\/417386","targetHints":{"allow":["GET"]}}],"collection":[{"href":"https:\/\/www.europesays.com\/fr\/wp-json\/wp\/v2\/posts"}],"about":[{"href":"https:\/\/www.europesays.com\/fr\/wp-json\/wp\/v2\/types\/post"}],"author":[{"embeddable":true,"href":"https:\/\/www.europesays.com\/fr\/wp-json\/wp\/v2\/users\/2"}],"replies":[{"embeddable":true,"href":"https:\/\/www.europesays.com\/fr\/wp-json\/wp\/v2\/comments?post=417386"}],"version-history":[{"count":0,"href":"https:\/\/www.europesays.com\/fr\/wp-json\/wp\/v2\/posts\/417386\/revisions"}],"wp:featuredmedia":[{"embeddable":true,"href":"https:\/\/www.europesays.com\/fr\/wp-json\/wp\/v2\/media\/417387"}],"wp:attachment":[{"href":"https:\/\/www.europesays.com\/fr\/wp-json\/wp\/v2\/media?parent=417386"}],"wp:term":[{"taxonomy":"category","embeddable":true,"href":"https:\/\/www.europesays.com\/fr\/wp-json\/wp\/v2\/categories?post=417386"},{"taxonomy":"post_tag","embeddable":true,"href":"https:\/\/www.europesays.com\/fr\/wp-json\/wp\/v2\/tags?post=417386"}],"curies":[{"name":"wp","href":"https:\/\/api.w.org\/{rel}","templated":true}]}}