{"id":417389,"date":"2025-09-25T21:05:12","date_gmt":"2025-09-25T21:05:12","guid":{"rendered":"https:\/\/www.europesays.com\/fr\/417389\/"},"modified":"2025-09-25T21:05:12","modified_gmt":"2025-09-25T21:05:12","slug":"il-sagit-donc-de-faits-dune-gravite-exceptionnelle-de-nature-a-alterer-la-confiance-des-citoyens-dans-ceux-qui-les-representent","status":"publish","type":"post","link":"https:\/\/www.europesays.com\/fr\/417389\/","title":{"rendered":"\u00ab\u00a0Il s\u2019agit donc de faits d\u2019une gravit\u00e9 exceptionnelle, de nature \u00e0 alt\u00e9rer la confiance des citoyens dans ceux qui les repr\u00e9sentent\u00a0\u00bb"},"content":{"rendered":"<p>                         <img loading=\"lazy\" decoding=\"async\" src=\"https:\/\/www.europesays.com\/fr\/wp-content\/uploads\/2025\/09\/bf7d696_ftp-import-images-1-jvgugzpncgu3-9525c62e50464b218c2664bb100eef9a-1-20bc055123944624957edb5d.jpeg\" alt=\"Nicolas Sarkozy s\u2019exprime devant les m\u00e9dias apr\u00e8s sa condamnation \u00e0 cinq\u00a0ans de prison dans l\u2019affaire du financement libyen de sa campagne de 2007.\"   width=\"664\" height=\"443\"\/>    Nicolas Sarkozy s\u2019exprime devant les m\u00e9dias apr\u00e8s sa condamnation \u00e0 cinq\u00a0ans de prison dans l\u2019affaire du financement libyen de sa campagne de 2007.  CHRISTOPHE ENA \/ AP                 <\/p>\n<p class=\"article__paragraph  \">[Le Monde publie quelques extraits des 400\u00a0pages du jugement, rendu jeudi 25\u00a0septembre dans l\u2019affaire libyenne]<\/p>\n<p class=\"article__paragraph  \">(\u2026)<\/p>\n<p>   Lire plus tard  <\/p>\n<p>                 Nicolas Sarkozy. \u00ab\u00a0L\u2019ex\u00e9cution provisoire, indispensable pour garantir l\u2019effectivit\u00e9 de la peine au regard de l\u2019importance du trouble\u00a0\u00bb           <\/p>\n<p class=\"article__paragraph  \">Le casier judiciaire de Nicolas Sarkozy ne porte trace d\u2019aucune mention. Cependant les pi\u00e8ces vers\u00e9es aux d\u00e9bats indiquent qu\u2019il a \u00e9t\u00e9 condamn\u00e9\u00a0:<\/p>\n<p class=\"article__paragraph  \">\u2013 Par la cour d\u2019appel de Paris le 17\u00a0mai\u00a02023 \u00e0 une peine de trois ann\u00e9es d\u2019emprisonnement dont deux assorties d\u2019un sursis, pour des faits de \u00ab\u00a0corruption active de magistrat et trafic d\u2019influence actif sur personne d\u00e9positaire de l\u2019autorit\u00e9 publique\u00a0\u00bb, faits commis entre le 25\u00a0septembre\u00a02013 et le 11\u00a0mars\u00a02014, outre une privation de droit de vote, d\u2019\u00e9ligibilit\u00e9 et d\u2019exercer une fonction juridictionnelle pendant trois ann\u00e9es.<\/p>\n<p class=\"article__paragraph  \">\u2013 Par arr\u00eat du 18\u00a0d\u00e9cembre\u00a02024, la Cour de cassation a rejet\u00e9 le pourvoi form\u00e9 contre cette d\u00e9cision, d\u00e9sormais d\u00e9finitive. La d\u00e9fense de Nicolas Sarkozy a annonc\u00e9 avoir form\u00e9 un recours devant la Cour europ\u00e9enne des droits de l\u2019homme, ce qui n\u2019\u00f4te pas son caract\u00e8re d\u00e9finitif \u00e0 la condamnation. Pendant l\u2019audience, Nicolas Sarkozy a indiqu\u00e9 ex\u00e9cuter la peine sous la forme d\u2019une d\u00e9tention \u00e0 domicile sous surveillance \u00e9lectronique. Il a ensuite b\u00e9n\u00e9fici\u00e9 d\u2019une lib\u00e9ration conditionnelle. Par la cour d\u2019appel de Paris le 14\u00a0f\u00e9vrier\u00a02024 \u00e0 une peine d\u2019un an d\u2019emprisonnement dont 6 mois assortis du sursis, la partie ferme de la peine \u00e9tant am\u00e9nag\u00e9e, pour des faits d\u2019engagement par candidat de d\u00e9penses \u00e9lectorales d\u00e9passant le plafond l\u00e9gal ont le montant est d\u2019au moins 42,722\u00a0millions d\u2019euros (affaire dite \u00ab\u00a0Bygmalion\u00a0\u00bb).<\/p>\n<p class=\"reading-mode-only \"><strong>Il vous reste 89.75% de cet article \u00e0 lire. La suite est r\u00e9serv\u00e9e aux abonn\u00e9s.<\/strong><\/p>\n","protected":false},"excerpt":{"rendered":"Nicolas Sarkozy s\u2019exprime devant les m\u00e9dias apr\u00e8s sa condamnation \u00e0 cinq\u00a0ans de prison dans l\u2019affaire du financement libyen&hellip;\n","protected":false},"author":2,"featured_media":417390,"comment_status":"","ping_status":"","sticky":false,"template":"","format":"standard","meta":{"footnotes":""},"categories":[1888],"tags":[1111,1928,11,1927,1777,674,1011,27,12,1926,626,1925,25],"class_list":{"0":"post-417389","1":"post","2":"type-post","3":"status-publish","4":"format-standard","5":"has-post-thumbnail","7":"category-paris","8":"tag-actu","9":"tag-actu-paris","10":"tag-actualites","11":"tag-actualites-paris","12":"tag-eu","13":"tag-europe","14":"tag-fr","15":"tag-france","16":"tag-news","17":"tag-news-paris","18":"tag-paris","19":"tag-paris-news","20":"tag-republique-francaise"},"share_on_mastodon":{"url":"https:\/\/pubeurope.com\/@fr\/115266972838518164","error":""},"_links":{"self":[{"href":"https:\/\/www.europesays.com\/fr\/wp-json\/wp\/v2\/posts\/417389","targetHints":{"allow":["GET"]}}],"collection":[{"href":"https:\/\/www.europesays.com\/fr\/wp-json\/wp\/v2\/posts"}],"about":[{"href":"https:\/\/www.europesays.com\/fr\/wp-json\/wp\/v2\/types\/post"}],"author":[{"embeddable":true,"href":"https:\/\/www.europesays.com\/fr\/wp-json\/wp\/v2\/users\/2"}],"replies":[{"embeddable":true,"href":"https:\/\/www.europesays.com\/fr\/wp-json\/wp\/v2\/comments?post=417389"}],"version-history":[{"count":0,"href":"https:\/\/www.europesays.com\/fr\/wp-json\/wp\/v2\/posts\/417389\/revisions"}],"wp:featuredmedia":[{"embeddable":true,"href":"https:\/\/www.europesays.com\/fr\/wp-json\/wp\/v2\/media\/417390"}],"wp:attachment":[{"href":"https:\/\/www.europesays.com\/fr\/wp-json\/wp\/v2\/media?parent=417389"}],"wp:term":[{"taxonomy":"category","embeddable":true,"href":"https:\/\/www.europesays.com\/fr\/wp-json\/wp\/v2\/categories?post=417389"},{"taxonomy":"post_tag","embeddable":true,"href":"https:\/\/www.europesays.com\/fr\/wp-json\/wp\/v2\/tags?post=417389"}],"curies":[{"name":"wp","href":"https:\/\/api.w.org\/{rel}","templated":true}]}}