{"id":417391,"date":"2025-09-25T21:06:11","date_gmt":"2025-09-25T21:06:11","guid":{"rendered":"https:\/\/www.europesays.com\/fr\/417391\/"},"modified":"2025-09-25T21:06:11","modified_gmt":"2025-09-25T21:06:11","slug":"paris-sincline-de-justesse-a-szeged","status":"publish","type":"post","link":"https:\/\/www.europesays.com\/fr\/417391\/","title":{"rendered":"Paris s\u2019incline de justesse \u00e0 Szeged"},"content":{"rendered":"<p>Port\u00e9 par un bon d\u00e9but de match et une d\u00e9fense agressive, Paris a longtemps rivalis\u00e9 avec Szeged dans une Pick Arena en feu. Elohim Prandi, Wallem Peleka et Sebastian Karlsson ont brill\u00e9 en attaque, mais les Parisiens ont manqu\u00e9 plusieurs occasions cl\u00e9s en fin de rencontre, notamment sur jet de 7 m\u00e8tres. Un ultime penalty manqu\u00e9 et une exclusion temporaire \u00e0 trois minutes du terme ont scell\u00e9 le sort d\u2019une rencontre disput\u00e9e. Deuxi\u00e8me d\u00e9faite en trois matchs pour le PSG, qui tentera de se relancer \u00e0 Coubertin le 9 octobre face \u00e0 Zagreb.<\/p>\n","protected":false},"excerpt":{"rendered":"Port\u00e9 par un bon d\u00e9but de match et une d\u00e9fense agressive, Paris a longtemps rivalis\u00e9 avec Szeged dans&hellip;\n","protected":false},"author":2,"featured_media":417392,"comment_status":"","ping_status":"","sticky":false,"template":"","format":"standard","meta":{"footnotes":""},"categories":[1888],"tags":[1111,1928,11,1927,1777,674,1011,27,12,1926,626,1925,25],"class_list":{"0":"post-417391","1":"post","2":"type-post","3":"status-publish","4":"format-standard","5":"has-post-thumbnail","7":"category-paris","8":"tag-actu","9":"tag-actu-paris","10":"tag-actualites","11":"tag-actualites-paris","12":"tag-eu","13":"tag-europe","14":"tag-fr","15":"tag-france","16":"tag-news","17":"tag-news-paris","18":"tag-paris","19":"tag-paris-news","20":"tag-republique-francaise"},"share_on_mastodon":{"url":"https:\/\/pubeurope.com\/@fr\/115266977300386681","error":""},"_links":{"self":[{"href":"https:\/\/www.europesays.com\/fr\/wp-json\/wp\/v2\/posts\/417391","targetHints":{"allow":["GET"]}}],"collection":[{"href":"https:\/\/www.europesays.com\/fr\/wp-json\/wp\/v2\/posts"}],"about":[{"href":"https:\/\/www.europesays.com\/fr\/wp-json\/wp\/v2\/types\/post"}],"author":[{"embeddable":true,"href":"https:\/\/www.europesays.com\/fr\/wp-json\/wp\/v2\/users\/2"}],"replies":[{"embeddable":true,"href":"https:\/\/www.europesays.com\/fr\/wp-json\/wp\/v2\/comments?post=417391"}],"version-history":[{"count":0,"href":"https:\/\/www.europesays.com\/fr\/wp-json\/wp\/v2\/posts\/417391\/revisions"}],"wp:featuredmedia":[{"embeddable":true,"href":"https:\/\/www.europesays.com\/fr\/wp-json\/wp\/v2\/media\/417392"}],"wp:attachment":[{"href":"https:\/\/www.europesays.com\/fr\/wp-json\/wp\/v2\/media?parent=417391"}],"wp:term":[{"taxonomy":"category","embeddable":true,"href":"https:\/\/www.europesays.com\/fr\/wp-json\/wp\/v2\/categories?post=417391"},{"taxonomy":"post_tag","embeddable":true,"href":"https:\/\/www.europesays.com\/fr\/wp-json\/wp\/v2\/tags?post=417391"}],"curies":[{"name":"wp","href":"https:\/\/api.w.org\/{rel}","templated":true}]}}