{"id":417411,"date":"2025-09-25T21:17:11","date_gmt":"2025-09-25T21:17:11","guid":{"rendered":"https:\/\/www.europesays.com\/fr\/417411\/"},"modified":"2025-09-25T21:17:11","modified_gmt":"2025-09-25T21:17:11","slug":"le-secretaire-a-la-defense-americain-convoque-tous-les-officiers-superieurs-de-larmee-au-pentagone-liberation","status":"publish","type":"post","link":"https:\/\/www.europesays.com\/fr\/417411\/","title":{"rendered":"le secr\u00e9taire \u00e0 la D\u00e9fense am\u00e9ricain convoque tous les officiers sup\u00e9rieurs de l\u2019arm\u00e9e au Pentagone \u2013 Lib\u00e9ration"},"content":{"rendered":"<p class=\"sc-cPiKLX AiZTS text-element\">Toutes les huiles du Pentagone convoqu\u00e9es pour une r\u00e9union impr\u00e9vue et sans objet particulier ? Voil\u00e0 le genre d\u2019impr\u00e9paration qui a de quoi faire fr\u00e9mir un militaire. Selon le <a href=\"https:\/\/www.washingtonpost.com\/politics\/2025\/09\/25\/pentagon-hegseth-meeting-military-commanders\/7346cfb0-9a34-11f0-8ce3-5abc3053a693_story.html\" target=\"_blank\" rel=\"noreferrer noopener\" title=\"https:\/\/www.washingtonpost.com\/politics\/2025\/09\/25\/pentagon-hegseth-meeting-military-commanders\/7346cfb0-9a34-11f0-8ce3-5abc3053a693_story.html\">Washington Post<\/a>, <a href=\"https:\/\/www.liberation.fr\/international\/amerique\/pete-hegseth-au-pentagone-ou-au-pilori-20250123_53UX5UBWYRE5ZCSAMX3LMRWLBQ\/\" target=\"_blank\" rel=\"noreferrer noopener\" title=\"https:\/\/www.liberation.fr\/international\/amerique\/pete-hegseth-au-pentagone-ou-au-pilori-20250123_53UX5UBWYRE5ZCSAMX3LMRWLBQ\/\">le secr\u00e9taire \u00e0 la D\u00e9fense Pete Hegseth<\/a> a en tout cas somm\u00e9 des centaines de g\u00e9n\u00e9raux et amiraux am\u00e9ricains \u00e0 travers le monde de se rendre sur l\u2019installation militaire de Quantico, dans l\u2019Etat du Virginie. <\/p>\n<p class=\"sc-cPiKLX AiZTS text-element\"><a href=\"https:\/\/edition.cnn.com\/2025\/09\/25\/politics\/hegseth-generals-surprise-meeting\" target=\"_blank\" rel=\"noreferrer noopener\" title=\"https:\/\/edition.cnn.com\/2025\/09\/25\/politics\/hegseth-generals-surprise-meeting\">Selon CNN,<\/a> qui a pu joindre des sources militaires, les grad\u00e9s s\u2019attendent \u00e0 tout : un test de condition physique collectif, un point de situation sur l\u2019\u00e9tat du d\u00e9partement de la D\u00e9fense ou encore l\u2019annonce de multiples licenciements d\u2019officiers. La f\u00e9brilit\u00e9 est telle que, selon un responsable contact\u00e9 par la cha\u00eene d\u2019info sise \u00e0 Atlanta, le meeting est d\u00e9sormais \u00able <a href=\"https:\/\/www.liberation.fr\/culture\/squid-game-la-ruee-vers-le-gore-20211012_TOCZBRQD6NDUHPA63JS7THTJCM\/\" target=\"_blank\" rel=\"noreferrer noopener\" title=\"https:\/\/www.liberation.fr\/culture\/squid-game-la-ruee-vers-le-gore-20211012_TOCZBRQD6NDUHPA63JS7THTJCM\/\">Squid game<\/a> des g\u00e9n\u00e9raux\u00bb, en r\u00e9f\u00e9rence \u00e0 la s\u00e9rie sud-cor\u00e9enne o\u00f9 des concurrents sans le sou sont \u00e9limin\u00e9s les uns apr\u00e8s les autres jusqu\u2019\u00e0 ce que le vainqueur remporte une colossale somme d\u2019argent. <\/p>\n<p class=\"sc-cPiKLX AiZTS text-element\">Outre les interrogations qui affleurent au sujet de cette r\u00e9union, se posent \u00e9galement des questions autour de la pertinence, point de vue s\u00e9curit\u00e9, de r\u00e9unir autant de hauts grad\u00e9s au m\u00eame moment au m\u00eame endroit. Un employ\u00e9 du Congr\u00e8s interrog\u00e9 par CNN se demande m\u00eame si l\u2019id\u00e9e derri\u00e8re cette convocation n\u2019est pas d\u2019annoncer \u00abune campagne militaire majeure ou une refonte compl\u00e8te de la structure du commandement militaire\u00bb. <\/p>\n<p class=\"sc-cPiKLX AiZTS text-element\">Les ant\u00e9c\u00e9dents de Pete Hegseth, dont le porte-parole a confirm\u00e9 la tenue de la r\u00e9union sans pr\u00e9ciser ses raison, ont de quoi inqui\u00e9ter les grad\u00e9s. Impliqu\u00e9 dans deux failles s\u00e9curitaires majeures (<a href=\"https:\/\/www.liberation.fr\/international\/amerique\/un-journaliste-de-the-atlantic-recoit-par-erreur-des-informations-confidentielles-du-pentagone-sur-des-frappes-au-yemen-20250324_VYYLOZTGK5HA5HK5WY7GE2E4HA\/?redirected=1\" target=\"_blank\" rel=\"noreferrer noopener\" title=\"https:\/\/www.liberation.fr\/international\/amerique\/un-journaliste-de-the-atlantic-recoit-par-erreur-des-informations-confidentielles-du-pentagone-sur-des-frappes-au-yemen-20250324_VYYLOZTGK5HA5HK5WY7GE2E4HA\/?redirected=1\">Signalgate<\/a> et <a href=\"https:\/\/www.liberation.fr\/international\/amerique\/signalgate-2-le-secretaire-americain-a-la-defense-pete-hegseth-implique-dans-une-autre-faille-de-securite-20250421_7F6NUOYVWZDWZAPM3TVRLODQ6A\/\" target=\"_blank\" rel=\"noreferrer noopener\" title=\"https:\/\/www.liberation.fr\/international\/amerique\/signalgate-2-le-secretaire-americain-a-la-defense-pete-hegseth-implique-dans-une-autre-faille-de-securite-20250421_7F6NUOYVWZDWZAPM3TVRLODQ6A\/\">Signalgate 2<\/a>, qui l\u2019ont vu partager des informations hautement confidentielles dans des conversations o\u00f9 \u00e9taient pr\u00e9sents un journaliste pour le premier, des membres de sa famille pour le deuxi7me), il a largement donn\u00e9 raison aux observateurs pr\u00e9occup\u00e9s par sa nomination. <\/p>\n<p class=\"sc-cPiKLX AiZTS text-element\"> Le secr\u00e9taire \u00e0 la D\u00e9fense, qui traine derri\u00e8re lui une s\u00e9rieuse r\u00e9putation d\u2019alcoolisme et une accusation d\u2019agression sexuelle, a ordonn\u00e9 en mai des r\u00e9ductions importantes du nombre de g\u00e9n\u00e9raux et d\u2019amiraux dans l\u2019arm\u00e9e am\u00e9ricaine. Plus g\u00e9n\u00e9ralement, <a href=\"https:\/\/www.liberation.fr\/international\/amerique\/donald-trump-limoge-le-chef-detat-major-de-larmee-americaine-20250222_46ZKXTXI5NDWFNYYPFUDNCABEQ\/\" target=\"_blank\" rel=\"noreferrer noopener\" title=\"https:\/\/www.liberation.fr\/international\/amerique\/donald-trump-limoge-le-chef-detat-major-de-larmee-americaine-20250222_46ZKXTXI5NDWFNYYPFUDNCABEQ\/\">l\u2019administration du Pentagone a limog\u00e9 plusieurs hauts grad\u00e9s ces derniers mois,<\/a> g\u00e9n\u00e9ralement sans fournir d\u2019explication. Parmi eux, le chef d\u2019\u00e9tat-major de l\u2019arm\u00e9e Charles Brown ou encore Lisa Franchetti, premi\u00e8re femme \u00e0 diriger la marine am\u00e9ricaine. <\/p>\n","protected":false},"excerpt":{"rendered":"Toutes les huiles du Pentagone convoqu\u00e9es pour une r\u00e9union impr\u00e9vue et sans objet particulier ? Voil\u00e0 le genre&hellip;\n","protected":false},"author":2,"featured_media":417412,"comment_status":"","ping_status":"","sticky":false,"template":"","format":"standard","meta":{"footnotes":""},"categories":[2],"tags":[11,554,75,73,1011,27,12,25],"class_list":{"0":"post-417411","1":"post","2":"type-post","3":"status-publish","4":"format-standard","5":"has-post-thumbnail","7":"category-actualites","8":"tag-actualites","9":"tag-defense","10":"tag-donald-trump","11":"tag-etats-unis","12":"tag-fr","13":"tag-france","14":"tag-news","15":"tag-republique-francaise"},"share_on_mastodon":{"url":"https:\/\/pubeurope.com\/@fr\/115267019925479365","error":""},"_links":{"self":[{"href":"https:\/\/www.europesays.com\/fr\/wp-json\/wp\/v2\/posts\/417411","targetHints":{"allow":["GET"]}}],"collection":[{"href":"https:\/\/www.europesays.com\/fr\/wp-json\/wp\/v2\/posts"}],"about":[{"href":"https:\/\/www.europesays.com\/fr\/wp-json\/wp\/v2\/types\/post"}],"author":[{"embeddable":true,"href":"https:\/\/www.europesays.com\/fr\/wp-json\/wp\/v2\/users\/2"}],"replies":[{"embeddable":true,"href":"https:\/\/www.europesays.com\/fr\/wp-json\/wp\/v2\/comments?post=417411"}],"version-history":[{"count":0,"href":"https:\/\/www.europesays.com\/fr\/wp-json\/wp\/v2\/posts\/417411\/revisions"}],"wp:featuredmedia":[{"embeddable":true,"href":"https:\/\/www.europesays.com\/fr\/wp-json\/wp\/v2\/media\/417412"}],"wp:attachment":[{"href":"https:\/\/www.europesays.com\/fr\/wp-json\/wp\/v2\/media?parent=417411"}],"wp:term":[{"taxonomy":"category","embeddable":true,"href":"https:\/\/www.europesays.com\/fr\/wp-json\/wp\/v2\/categories?post=417411"},{"taxonomy":"post_tag","embeddable":true,"href":"https:\/\/www.europesays.com\/fr\/wp-json\/wp\/v2\/tags?post=417411"}],"curies":[{"name":"wp","href":"https:\/\/api.w.org\/{rel}","templated":true}]}}