{"id":417421,"date":"2025-09-25T21:26:11","date_gmt":"2025-09-25T21:26:11","guid":{"rendered":"https:\/\/www.europesays.com\/fr\/417421\/"},"modified":"2025-09-25T21:26:11","modified_gmt":"2025-09-25T21:26:11","slug":"agen-signe-a-beziers-un-quatrieme-succes-et-sinstalle-en-tete","status":"publish","type":"post","link":"https:\/\/www.europesays.com\/fr\/417421\/","title":{"rendered":"Agen signe \u00e0 B\u00e9ziers un quatri\u00e8me succ\u00e8s et s\u2019installe en t\u00eate"},"content":{"rendered":"<p>Muet au cours d\u2019une premi\u00e8re p\u00e9riode bien terne, le SUA a d\u00e9marr\u00e9 en trombe la seconde avec trois essais en un quart d\u2019heure.<\/p>\n<p class=\"fig-paragraph\"><a href=\"http:\/\/www.lefigaro.fr\/sports\/rugby\/pro-d2-en-infligeant-la-premiere-defaite-a-grenoble-agen-est-le-nouveau-leader-20250911\" data-fig-type=\"NewsFlash\" data-gtm-custom-categorie=\"navigation\" data-gtm-custom-action=\"crossclick\" data-gtm-custom-label=\"Contextuel\" data-gtm-event=\"customEventSPE\" data-fig-domain=\"LEFIGARO\" target=\"_blank\" rel=\"noopener\">Agen<\/a>\u00a0a pris les commandes de la Pro D2 de rugby jeudi soir en s&rsquo;imposant 21-10 contre B\u00e9ziers, en ouverture de\u00a0<a href=\"https:\/\/www.lefigaro.fr\/sports\/rugby\/pro-d2\/calendrier-resultats?journee=5\" target=\"_blank\" rel=\"sponsored noopener\" data-gtm-custom-categorie=\"navigation\" data-gtm-custom-action=\"crossclick\" data-gtm-custom-label=\"Contextuel\" data-gtm-event=\"customEventSPE\">la cinqui\u00e8me journ\u00e9e<\/a>. Apr\u00e8s une d\u00e9faite inaugurale \u00e0 Nevers, les Agenais encha\u00eenent une quatri\u00e8me victoire et, avec 18 points, se retrouvent seuls en t\u00eate devant Colomiers (14 pts), qui se d\u00e9place vendredi chez Soyaux-Angoul\u00eame (10e). B\u00e9ziers, qui compte deux succ\u00e8s et trois revers, est huiti\u00e8me (10 pts).<\/p>\n<p class=\"fig-paragraph\">Jeudi soir dans son stade Armandie, le SUA est rest\u00e9 muet au cours d&rsquo;une premi\u00e8re p\u00e9riode bien terne o\u00f9 il s&rsquo;est retrouv\u00e9 men\u00e9 0-3. Mais il a d\u00e9marr\u00e9 en trombe la seconde avec trois essais en un quart d&rsquo;heure. Le Fidjien Kolinio Ramoka (42e, 7-3) a marqu\u00e9 apr\u00e8s une succession de crochets de Lucas Martins.<\/p>\n<p>                                    <a class=\"fig-a11y-skip a11y-hidden\" href=\"#fig-a11y-skip-main-inarticle\"><br \/>\n        Passer la publicit\u00e9<br \/>\n    <\/a><\/p>\n<p class=\"fig-paragraph\">Le pack a ensuite transperc\u00e9 les lignes biterroises, permettant au troisi\u00e8me ligne Tomasi Fineanganofo d&rsquo;aplatir sous les poteaux (51e, 14-3). Le Tongien de 22 ans a sign\u00e9 un doubl\u00e9 quatre minutes plus tard, faisant parler sa puissance et sa vitesse sur 40 m\u00e8tres en se d\u00e9faisant de trois plaquages (55e, 21-3).<\/p>\n<p class=\"fig-paragraph\">Les Biterrois ont priv\u00e9 les locaux du bonus offensif en inscrivant un essai en fin de match gr\u00e2ce \u00e0 leur \u00abserial marqueur\u00bb portugais Samuel Marques, auteur d\u00e9j\u00e0 de quatre essais cette saison (21-10, 77e). Vendredi, la journ\u00e9e s&rsquo;ach\u00e8vera avec des d\u00e9placements pour tous les favoris \u00e0 la mont\u00e9e. Outre Colomiers, Vannes (3e) se rend \u00e0 Aurillac (8e), Valence Romans (4e) \u00e0 Oyonnax (12e) et Grenoble (5e) \u00e0 Brive (6e).<\/p>\n<p>Programme de la 5e journ\u00e9e\u00a0:<\/p>\n<p class=\"fig-paragraph\"><strong>Jeudi<\/strong><br \/>Agen &#8211; B\u00e9ziers 21-10<\/p>\n<p class=\"fig-paragraph\"><strong>Vendredi<\/strong><br \/>(19h00) Aurillac &#8211; Vannes<br \/>(19h30) Oyonnax &#8211; Valence-Romans<br \/>Provence Rugby &#8211; Dax<br \/>Soyaux-Angoul\u00eame &#8211; Colomiers<br \/>Mont-de-Marsan &#8211; Carcassonne<br \/>Nevers &#8211; Biarritz<br \/>(21h00) Brive &#8211; Grenoble<\/p>\n","protected":false},"excerpt":{"rendered":"Muet au cours d\u2019une premi\u00e8re p\u00e9riode bien terne, le SUA a d\u00e9marr\u00e9 en trombe la seconde avec trois&hellip;\n","protected":false},"author":2,"featured_media":417422,"comment_status":"","ping_status":"","sticky":false,"template":"","format":"standard","meta":{"footnotes":""},"categories":[1412],"tags":[8837,19055,1451,1452,1453,1454,1455,1011,27,2308,60],"class_list":{"0":"post-417421","1":"post","2":"type-post","3":"status-publish","4":"format-standard","5":"has-post-thumbnail","7":"category-f1","8":"tag-agen","9":"tag-as-beziers","10":"tag-f1","11":"tag-formula-1","12":"tag-formula1","13":"tag-formule-1","14":"tag-formule1","15":"tag-fr","16":"tag-france","17":"tag-pro-d2","18":"tag-sports"},"share_on_mastodon":{"url":"https:\/\/pubeurope.com\/@fr\/115267055381406622","error":""},"_links":{"self":[{"href":"https:\/\/www.europesays.com\/fr\/wp-json\/wp\/v2\/posts\/417421","targetHints":{"allow":["GET"]}}],"collection":[{"href":"https:\/\/www.europesays.com\/fr\/wp-json\/wp\/v2\/posts"}],"about":[{"href":"https:\/\/www.europesays.com\/fr\/wp-json\/wp\/v2\/types\/post"}],"author":[{"embeddable":true,"href":"https:\/\/www.europesays.com\/fr\/wp-json\/wp\/v2\/users\/2"}],"replies":[{"embeddable":true,"href":"https:\/\/www.europesays.com\/fr\/wp-json\/wp\/v2\/comments?post=417421"}],"version-history":[{"count":0,"href":"https:\/\/www.europesays.com\/fr\/wp-json\/wp\/v2\/posts\/417421\/revisions"}],"wp:featuredmedia":[{"embeddable":true,"href":"https:\/\/www.europesays.com\/fr\/wp-json\/wp\/v2\/media\/417422"}],"wp:attachment":[{"href":"https:\/\/www.europesays.com\/fr\/wp-json\/wp\/v2\/media?parent=417421"}],"wp:term":[{"taxonomy":"category","embeddable":true,"href":"https:\/\/www.europesays.com\/fr\/wp-json\/wp\/v2\/categories?post=417421"},{"taxonomy":"post_tag","embeddable":true,"href":"https:\/\/www.europesays.com\/fr\/wp-json\/wp\/v2\/tags?post=417421"}],"curies":[{"name":"wp","href":"https:\/\/api.w.org\/{rel}","templated":true}]}}