{"id":417427,"date":"2025-09-25T21:29:10","date_gmt":"2025-09-25T21:29:10","guid":{"rendered":"https:\/\/www.europesays.com\/fr\/417427\/"},"modified":"2025-09-25T21:29:10","modified_gmt":"2025-09-25T21:29:10","slug":"insolite-wta-serena-williams-meconnaissable-a-loccasion-dun-defile","status":"publish","type":"post","link":"https:\/\/www.europesays.com\/fr\/417427\/","title":{"rendered":"Insolite, WTA > Serena Williams m\u00e9connaissable \u00e0 l&rsquo;occasion d&rsquo;un d\u00e9fil\u00e9"},"content":{"rendered":"<p>La trans\u00adfor\u00adma\u00adtion physique de Serena Williams depuis la fin de sa carri\u00e8re et l\u2019ac\u00adcou\u00adche\u00adment de son deuxi\u00e8me enfant il y a un an est assez impressionnante.<\/p>\n<p>Alors qu\u2019elle \u00e9tait l\u2019in\u00advit\u00e9e du d\u00e9fil\u00e9 Gucci il y a quelques jours, l\u2019Am\u00e9ricaine, qui portait une robe noire tr\u00e8s pr\u00e8s du corps, a surpris tous les obser\u00adva\u00adteurs par sa ligne plus fine que jamais.\u00a0<\/p>\n<blockquote class=\"instagram-media\" data-instgrm-captioned=\"\" data-instgrm-permalink=\"https:\/\/www.instagram.com\/p\/DO9NB1MEaa2\/?utm_source=ig_embed&amp;utm_campaign=loading\" data-instgrm-version=\"14\" style=\" background:#FFF; border:0; border-radius:3px; box-shadow:0 0 1px 0 rgba(0,0,0,0.5),0 1px 10px 0 rgba(0,0,0,0.15); margin: 1px; max-width:540px; min-width:326px; padding:0; width:99.375%; width:-webkit-calc(100% - 2px); width:calc(100% - 2px);\"\/>\n<p>Une perte de poids assez impres\u00adsion\u00adnante qui la rend presque m\u00e9connaissable.<\/p>\n<p class=\"post-published-date\" style=\"color: silver; font-size: 75%; text-align: left;\">Publi\u00e9 le jeudi 25 septembre 2025 \u00e0 18:13<\/p>\n<p><script async src=\"\/\/www.instagram.com\/embed.js\"><\/script><\/p>\n","protected":false},"excerpt":{"rendered":"La trans\u00adfor\u00adma\u00adtion physique de Serena Williams depuis la fin de sa carri\u00e8re et l\u2019ac\u00adcou\u00adche\u00adment de son deuxi\u00e8me enfant&hellip;\n","protected":false},"author":2,"featured_media":417428,"comment_status":"","ping_status":"","sticky":false,"template":"","format":"standard","meta":{"footnotes":""},"categories":[1359],"tags":[58,59,1011,27,973,2201],"class_list":{"0":"post-417427","1":"post","2":"type-post","3":"status-publish","4":"format-standard","5":"has-post-thumbnail","7":"category-people","8":"tag-divertissement","9":"tag-entertainment","10":"tag-fr","11":"tag-france","12":"tag-people","13":"tag-serena-williams"},"share_on_mastodon":{"url":"https:\/\/pubeurope.com\/@fr\/115267067678461519","error":""},"_links":{"self":[{"href":"https:\/\/www.europesays.com\/fr\/wp-json\/wp\/v2\/posts\/417427","targetHints":{"allow":["GET"]}}],"collection":[{"href":"https:\/\/www.europesays.com\/fr\/wp-json\/wp\/v2\/posts"}],"about":[{"href":"https:\/\/www.europesays.com\/fr\/wp-json\/wp\/v2\/types\/post"}],"author":[{"embeddable":true,"href":"https:\/\/www.europesays.com\/fr\/wp-json\/wp\/v2\/users\/2"}],"replies":[{"embeddable":true,"href":"https:\/\/www.europesays.com\/fr\/wp-json\/wp\/v2\/comments?post=417427"}],"version-history":[{"count":0,"href":"https:\/\/www.europesays.com\/fr\/wp-json\/wp\/v2\/posts\/417427\/revisions"}],"wp:featuredmedia":[{"embeddable":true,"href":"https:\/\/www.europesays.com\/fr\/wp-json\/wp\/v2\/media\/417428"}],"wp:attachment":[{"href":"https:\/\/www.europesays.com\/fr\/wp-json\/wp\/v2\/media?parent=417427"}],"wp:term":[{"taxonomy":"category","embeddable":true,"href":"https:\/\/www.europesays.com\/fr\/wp-json\/wp\/v2\/categories?post=417427"},{"taxonomy":"post_tag","embeddable":true,"href":"https:\/\/www.europesays.com\/fr\/wp-json\/wp\/v2\/tags?post=417427"}],"curies":[{"name":"wp","href":"https:\/\/api.w.org\/{rel}","templated":true}]}}