{"id":417448,"date":"2025-09-25T21:40:11","date_gmt":"2025-09-25T21:40:11","guid":{"rendered":"https:\/\/www.europesays.com\/fr\/417448\/"},"modified":"2025-09-25T21:40:11","modified_gmt":"2025-09-25T21:40:11","slug":"donald-trump-affirme-quil-ne-permettra-pas-a-israel-dannexer-la-cisjordanie","status":"publish","type":"post","link":"https:\/\/www.europesays.com\/fr\/417448\/","title":{"rendered":"Donald Trump affirme qu\u2019il ne \u00abpermettra pas \u00e0 Isra\u00ebl d\u2019annexer la Cisjordanie\u00bb"},"content":{"rendered":"<p>Le pr\u00e9sident am\u00e9ricain a fait savoir ce jeudi qu\u2019il s\u2019opposerait \u00e0 l\u2019annexion de la Cisjordanie par l\u2019\u00c9tat h\u00e9breu. Il a \u00e9galement d\u00e9clar\u00e9 qu\u2019un accord sur Gaza \u00e9tait \u00abassez proche\u00bb.<\/p>\n<p class=\"fig-paragraph\">Le ton est ferme.\u00a0<a href=\"https:\/\/www.lefigaro.fr\/tag\/donald-trump\" target=\"_blank\" rel=\"sponsored noopener nofollow\" data-gtm-custom-categorie=\"navigation\" data-gtm-custom-action=\"crossclick\" data-gtm-custom-label=\"Contextuel\" data-gtm-event=\"customEventSPE\">Donald Trump<\/a>\u00a0a assur\u00e9 jeudi qu\u2019un accord sur\u00a0<a href=\"https:\/\/www.lefigaro.fr\/tag\/gaza\" target=\"_blank\" rel=\"sponsored noopener nofollow\" data-gtm-custom-categorie=\"navigation\" data-gtm-custom-action=\"crossclick\" data-gtm-custom-label=\"Contextuel\" data-gtm-event=\"customEventSPE\">Gaza<\/a>\u00a0\u00e9tait \u00abassez proche\u00bb, en disant s\u2019\u00eatre entretenu dans la journ\u00e9e avec le premier ministre isra\u00e9lien, Benyamin Netanyahou. \u00abNous sommes assez proches d\u2019avoir un accord sur Gaza et peut-\u00eatre m\u00eame la paix\u00bb, a-t-il affirm\u00e9 \u00e0 des journalistes dans le Bureau ovale.<\/p>\n<p class=\"fig-paragraph\">Le pr\u00e9sident am\u00e9ricain a \u00e9galement fait savoir qu\u2019il ne \u00abpermettrait pas \u00e0 Isra\u00ebl d\u2019annexer la Cisjordanie\u00bb occup\u00e9e, une mesure r\u00e9clam\u00e9e par des ministres isra\u00e9liens d\u2019extr\u00eame droite en repr\u00e9sailles \u00e0 la reconnaissance d\u2019un \u00c9tat palestinien par plusieurs pays.<\/p>\n<p>                                    <a class=\"fig-a11y-skip a11y-hidden\" href=\"#fig-a11y-skip-main-inarticle\"><br \/>\n        Passer la publicit\u00e9<br \/>\n    <\/a><\/p>\n<p class=\"fig-paragraph\">\u00abJe ne permettrai pas \u00e0 Isra\u00ebl d\u2019annexer la Cisjordanie. Non, je ne le permettrai pas. Cela n\u2019arrivera pas\u00bb, a d\u00e9clar\u00e9 le locataire de la Maison-Blanche, qui n\u2019avait pas encore pris publiquement position sur le sujet, avant de r\u00e9p\u00e9ter: \u00abJe ne permets pas \u00e0 Isra\u00ebl d\u2019annexer la Cisjordanie. Cela suffit comme \u00e7a. Il est temps d\u2019arr\u00eater maintenant.\u00bb<\/p>\n<p>Netanyahou veut \u00e9tendre la colonisation<\/p>\n<p class=\"fig-paragraph\">Le premier ministre isra\u00e9lien Benyamin Netanyahou, avec lequel Donald Trump s\u2019est entretenu jeudi, a affirm\u00e9 que son gouvernement allait \u00e9tendre la colonisation juive en Cisjordanie occup\u00e9e, en r\u00e9action aux reconnaissances d\u2019un \u00c9tat palestinien par des pays occidentaux. Les ministres isra\u00e9liens d\u2019extr\u00eame-droite, Itamar Ben Gvir et Bezalel Smotrich, ont quant \u00e0 eux appel\u00e9 \u00e0 l\u2019annexion de la Cisjordanie.<\/p>\n<p class=\"fig-paragraph\">De son c\u00f4t\u00e9, Donald Trump a pr\u00e9sent\u00e9 cette semaine une nouvelle initiative pour mettre fin au conflit dans le territoire palestinien \u00e0 plusieurs dirigeants arabes et musulmans en marge de l\u2019Assembl\u00e9e g\u00e9n\u00e9rale de l\u2019ONU \u00e0 New York.<\/p>\n<p class=\"fig-paragraph\">Ce plan est cens\u00e9 r\u00e9pondre \u00e0 la fois aux pr\u00e9occupations isra\u00e9liennes et \u00e0 celles des pays du Moyen-Orient. Les principaux points pr\u00e9voient un cessez-le-feu permanent \u00e0 Gaza, la lib\u00e9ration des otages isra\u00e9liens d\u00e9tenus dans le territoire palestinien, un retrait isra\u00e9lien ainsi qu\u2019un afflux d\u2019aide humanitaire, a indiqu\u00e9 \u00e0 l\u2019AFP une source diplomatique au fait de la r\u00e9union. Les \u00c9tats-Unis proposent aussi une nouvelle initiative de gouvernance pour Gaza, excluant le Hamas.<\/p>\n<p class=\"fig-paragraph\">Toujours selon cette m\u00eame source, les dirigeants arabes et musulmans ont r\u00e9clam\u00e9 au pr\u00e9sident am\u00e9ricain des garanties contre l\u2019annexion de parties de la Cisjordanie (occup\u00e9e par Isra\u00ebl depuis 1967) ou toute mesure susceptible de modifier le statu quo juridique et historique des lieux saints de J\u00e9rusalem.<\/p>\n","protected":false},"excerpt":{"rendered":"Le pr\u00e9sident am\u00e9ricain a fait savoir ce jeudi qu\u2019il s\u2019opposerait \u00e0 l\u2019annexion de la Cisjordanie par l\u2019\u00c9tat h\u00e9breu.&hellip;\n","protected":false},"author":2,"featured_media":417449,"comment_status":"","ping_status":"","sticky":false,"template":"","format":"standard","meta":{"footnotes":""},"categories":[5],"tags":[11,75,1011,27,665,14,12,28],"class_list":{"0":"post-417448","1":"post","2":"type-post","3":"status-publish","4":"format-standard","5":"has-post-thumbnail","7":"category-international","8":"tag-actualites","9":"tag-donald-trump","10":"tag-fr","11":"tag-france","12":"tag-gaza","13":"tag-international","14":"tag-news","15":"tag-world"},"share_on_mastodon":{"url":"https:\/\/pubeurope.com\/@fr\/115267110378363879","error":""},"_links":{"self":[{"href":"https:\/\/www.europesays.com\/fr\/wp-json\/wp\/v2\/posts\/417448","targetHints":{"allow":["GET"]}}],"collection":[{"href":"https:\/\/www.europesays.com\/fr\/wp-json\/wp\/v2\/posts"}],"about":[{"href":"https:\/\/www.europesays.com\/fr\/wp-json\/wp\/v2\/types\/post"}],"author":[{"embeddable":true,"href":"https:\/\/www.europesays.com\/fr\/wp-json\/wp\/v2\/users\/2"}],"replies":[{"embeddable":true,"href":"https:\/\/www.europesays.com\/fr\/wp-json\/wp\/v2\/comments?post=417448"}],"version-history":[{"count":0,"href":"https:\/\/www.europesays.com\/fr\/wp-json\/wp\/v2\/posts\/417448\/revisions"}],"wp:featuredmedia":[{"embeddable":true,"href":"https:\/\/www.europesays.com\/fr\/wp-json\/wp\/v2\/media\/417449"}],"wp:attachment":[{"href":"https:\/\/www.europesays.com\/fr\/wp-json\/wp\/v2\/media?parent=417448"}],"wp:term":[{"taxonomy":"category","embeddable":true,"href":"https:\/\/www.europesays.com\/fr\/wp-json\/wp\/v2\/categories?post=417448"},{"taxonomy":"post_tag","embeddable":true,"href":"https:\/\/www.europesays.com\/fr\/wp-json\/wp\/v2\/tags?post=417448"}],"curies":[{"name":"wp","href":"https:\/\/api.w.org\/{rel}","templated":true}]}}