{"id":417458,"date":"2025-09-25T21:46:16","date_gmt":"2025-09-25T21:46:16","guid":{"rendered":"https:\/\/www.europesays.com\/fr\/417458\/"},"modified":"2025-09-25T21:46:16","modified_gmt":"2025-09-25T21:46:16","slug":"nancy-un-detenu-sevade-de-lhopital-prison-en-se-couvrant-de-gel-pour-passer-entre-les-barreaux","status":"publish","type":"post","link":"https:\/\/www.europesays.com\/fr\/417458\/","title":{"rendered":"Nancy : un d\u00e9tenu s\u2019\u00e9vade de l\u2019h\u00f4pital-prison en se couvrant de gel pour passer entre les barreaux"},"content":{"rendered":"<p>                                            Faits divers\n                                                                            <\/p>\n<p>\n                                            Jamais un d\u00e9tenu n\u2019avait r\u00e9ussi \u00e0 s\u2019\u00e9vader de l\u2019h\u00f4pital-prison de Nancy. Le 11 juin, un homme de 32 ans y est pourtant parvenu en se couvrant de gel pour passer entre les barreaux. D\u00e9j\u00e0 condamn\u00e9 pour vol aggrav\u00e9, il sera jug\u00e9 vendredi 26 septembre et risque jusqu\u2019\u00e0 cinq ans de prison suppl\u00e9mentaires.                                        <\/p>\n<p>                                                Publi\u00e9 le 25 septembre 2025 \u00e0 23h00                                                                                            <\/p>\n<p>                                            <img loading=\"lazy\" width=\"1024\" height=\"683\" src=\"https:\/\/www.europesays.com\/fr\/wp-content\/uploads\/2025\/09\/SIPA_00601052_000021-1.jpg\" class=\"attachment-post-thumbnail size-post-thumbnail wp-post-image\" alt=\"Le d\u00e9tenu avait r\u00e9ussi \u00e0 \u00e9carter les barreaux de la fen\u00eatre de sa cellule, il s'\u00e9tait ensuite enduit le corps d\u2019un gel pour faciliter son passage. WITT\/SIPA\" decoding=\"async\"  \/><\/p>\n<p>                                            Le d\u00e9tenu avait r\u00e9ussi \u00e0 \u00e9carter les barreaux de la fen\u00eatre de sa cellule, il s&rsquo;\u00e9tait ensuite enduit le corps d\u2019un gel pour faciliter son passage.<\/p>\n<p>Un exploit aussi improbable que inqui\u00e9tant. Transf\u00e9r\u00e9 depuis Metz pour recevoir des soins, ce<a href=\"https:\/\/www.valeursactuelles.com\/economie\/info-va-un-detenu-de-val-de-reuil-soupconne-davoir-diffuse-des-images-pedophiles-depuis-sa-cellule-lors-dun-live-streaming\" target=\"_blank\" rel=\"noopener\"> d\u00e9tenu <\/a>a profit\u00e9 d\u2019une faille dans la s\u00e9curit\u00e9 de l\u2019unit\u00e9 hospitali\u00e8re s\u00e9curis\u00e9e interr\u00e9gionale (UHSI) de Nancy (Grand Est) pour prendre la fuite le 11 juin, rapporte <a href=\"https:\/\/www.leparisien.fr\/faits-divers\/a-nancy-le-detenu-setait-enduit-de-gel-pour-se-glisser-entre-les-barreaux-25-09-2025-BI32EPSGC5BJRILCZEIQ5FH4HM.php\" target=\"_blank\" rel=\"noopener\">Le Parisien<\/a>. Interpell\u00e9 le 6 ao\u00fbt, il sera jug\u00e9 le vendredi 25 septembre. Il risque jusqu\u2019\u00e0 cinq ans de <a href=\"https:\/\/www.valeursactuelles.com\/clubvaleurs\/societe\/prisons-francaises-limpasse-de-la-psychiatrie\" target=\"_blank\" rel=\"noopener\">prison<\/a>, une peine qui viendra s\u2019ajouter aux trois ans d\u2019emprisonnement qu\u2019il purge pour vol aggrav\u00e9.<\/p>\n<p><a href=\"https:\/\/www.valeursactuelles.com\/societe\/81-des-francais-veulent-la-prison-automatique-pour-les-agresseurs-de-policiers\" class=\"h-flex h-align-items-center h-border-tb h-ptb-15\" target=\"_blank\" rel=\"noopener\">A\u00a0LIRE\u00a081 % des Fran\u00e7ais veulent la prison automatique pour les agresseurs de policiers<\/a>                    <img decoding=\"async\" src=\"https:\/\/www.europesays.com\/fr\/wp-content\/uploads\/2025\/09\/1758836776_788_maxresdefault.jpg\" alt=\"Vid\u00e9o YouTube\" style=\"width: 100%; height: auto; display: block;\"\/><\/p>\n<p>                        Chargement\u2026                    <\/p>\n<p>Des failles dans la s\u00e9curit\u00e9<\/p>\n<p>Il aurait r\u00e9ussi \u00e0 \u00e9carter les barreaux de la fen\u00eatre de sa cellule, situ\u00e9e au premier \u00e9tage, avant de s\u2019enduire le corps d\u2019un gel afin de se glisser \u00e0 travers l\u2019ouverture. Le syndicat FO Justice d\u00e9nonce une alerte rest\u00e9e sans suite : \u00ab Il y avait d\u00e9j\u00e0 eu un signalement intra p\u00e9nitentiaire au sujet de ce d\u00e9faut, mais rien n\u2019a \u00e9t\u00e9 fait \u00bb.\u00a0 Une fois dehors, l\u2019homme n\u2019a eu qu\u2019\u00e0 sauter pour dispara\u00eetre dans la nuit. L\u2019alarme n\u2019a pas fonctionn\u00e9 : \u00ab Le b\u00e2timent UHSI est \u00e9quip\u00e9 d\u2019un syst\u00e8me d\u2019alarme obsol\u00e8te, connu pour ses nombreux dysfonctionnements \u00bb, regrette le syndicat des surveillants aupr\u00e8s de notre confr\u00e8re. Les cam\u00e9ras ont bien enregistr\u00e9 son passage \u00e0 5h40, mais aucune alerte ne s\u2019est d\u00e9clench\u00e9e.<\/p>\n<p>Son \u00e9vasion a r\u00e9v\u00e9l\u00e9 les faiblesses d\u2019un \u00e9tablissement pourtant pr\u00e9sent\u00e9 comme ultra-s\u00e9curis\u00e9. Construit en 2004, il accueille des d\u00e9tenus de toute la r\u00e9gion Grand Est pour des soins m\u00e9dicaux ou chirurgicaux.<\/p>\n<p><a href=\"https:\/\/www.valeursactuelles.com\/faits-divers\/paris-un-clandestin-condamne-a-sept-mois-de-prison-ferme-pour-une-agression-homophobe-en-marge-de-la-marche-des-fiertes\" class=\"h-flex h-align-items-center h-border-tb h-ptb-15\" target=\"_blank\" rel=\"noopener\">A\u00a0LIRE\u00a0Paris : un clandestin condamn\u00e9 \u00e0 sept mois de prison ferme pour une agression homophobe en marge de la \u00ab\u00a0marche des fiert\u00e9s\u00a0\u00bb<\/a>Une cavale de deux mois<\/p>\n<p>Consid\u00e9r\u00e9 comme dangereux, l\u2019homme s\u2019est volatilis\u00e9 pendant pr\u00e8s d\u2019un mois et demi. Il a finalement \u00e9t\u00e9 interpell\u00e9 le 6 ao\u00fbt \u00e0 Woippy, pr\u00e8s de Metz, lors d\u2019une op\u00e9ration du Raid. Pendant sa cavale, il a fait l\u2019objet d\u2019une plainte pour menaces de mort de la part de sa compagne, selon le parquet. D\u00e9j\u00e0 condamn\u00e9 \u00e0 trois ans de prison, il \u00e9tait cens\u00e9 \u00eatre lib\u00e9rable en 2028. Son proc\u00e8s pour \u00e9vasion se tiendra le vendredi 25 septembre \u00e0 Nancy.<\/p>\n","protected":false},"excerpt":{"rendered":"Faits divers Jamais un d\u00e9tenu n\u2019avait r\u00e9ussi \u00e0 s\u2019\u00e9vader de l\u2019h\u00f4pital-prison de Nancy. Le 11 juin, un homme&hellip;\n","protected":false},"author":2,"featured_media":417459,"comment_status":"","ping_status":"","sticky":false,"template":"","format":"standard","meta":{"footnotes":""},"categories":[9635],"tags":[1111,11,31908,17316,1777,674,1011,27,775,100,1702,12,806,25],"class_list":{"0":"post-417458","1":"post","2":"type-post","3":"status-publish","4":"format-standard","5":"has-post-thumbnail","7":"category-nancy","8":"tag-actu","9":"tag-actualites","10":"tag-cavale","11":"tag-detenus","12":"tag-eu","13":"tag-europe","14":"tag-fr","15":"tag-france","16":"tag-grand-est","17":"tag-hopital","18":"tag-nancy","19":"tag-news","20":"tag-prison","21":"tag-republique-francaise"},"share_on_mastodon":{"url":"https:\/\/pubeurope.com\/@fr\/115267134640007263","error":""},"_links":{"self":[{"href":"https:\/\/www.europesays.com\/fr\/wp-json\/wp\/v2\/posts\/417458","targetHints":{"allow":["GET"]}}],"collection":[{"href":"https:\/\/www.europesays.com\/fr\/wp-json\/wp\/v2\/posts"}],"about":[{"href":"https:\/\/www.europesays.com\/fr\/wp-json\/wp\/v2\/types\/post"}],"author":[{"embeddable":true,"href":"https:\/\/www.europesays.com\/fr\/wp-json\/wp\/v2\/users\/2"}],"replies":[{"embeddable":true,"href":"https:\/\/www.europesays.com\/fr\/wp-json\/wp\/v2\/comments?post=417458"}],"version-history":[{"count":0,"href":"https:\/\/www.europesays.com\/fr\/wp-json\/wp\/v2\/posts\/417458\/revisions"}],"wp:featuredmedia":[{"embeddable":true,"href":"https:\/\/www.europesays.com\/fr\/wp-json\/wp\/v2\/media\/417459"}],"wp:attachment":[{"href":"https:\/\/www.europesays.com\/fr\/wp-json\/wp\/v2\/media?parent=417458"}],"wp:term":[{"taxonomy":"category","embeddable":true,"href":"https:\/\/www.europesays.com\/fr\/wp-json\/wp\/v2\/categories?post=417458"},{"taxonomy":"post_tag","embeddable":true,"href":"https:\/\/www.europesays.com\/fr\/wp-json\/wp\/v2\/tags?post=417458"}],"curies":[{"name":"wp","href":"https:\/\/api.w.org\/{rel}","templated":true}]}}