{"id":417492,"date":"2025-09-25T22:05:17","date_gmt":"2025-09-25T22:05:17","guid":{"rendered":"https:\/\/www.europesays.com\/fr\/417492\/"},"modified":"2025-09-25T22:05:17","modified_gmt":"2025-09-25T22:05:17","slug":"ils-transportaient-un-kilo-dherbe-de-bordeaux-a-saintes","status":"publish","type":"post","link":"https:\/\/www.europesays.com\/fr\/417492\/","title":{"rendered":"ils transportaient un kilo d\u2019herbe de Bordeaux \u00e0 Saintes"},"content":{"rendered":"<p>Les agents des Douanes de La\u00a0Rochelle ont vite flair\u00e9 la bonne prise. Le jeudi 30\u00a0janvier 2025, ils contr\u00f4lent deux Bordelais sur l\u2019aire de repos de Saint-L\u00e9ger, le long de l\u2019A\u00a010. Une odeur qu\u2019ils connaissent bien embaume la Renault Megane. Un paquet de 1\u00a0034 grammes d\u2019herbe de cannabis est pos\u00e9 sur la plage arri\u00e8re. De la came de qualit\u00e9, constateront les Douanes, avec un niveau de THC de 18 \u00e0 20\u00a0% quand la moyenne est de 14\u00a0%.<\/p>\n<p>Le duo se pr\u00e9sente sans avocat devant le tribunal correctionnel de Saintes, jeudi 25\u00a0septembre. Le conducteur, 23\u00a0ans, dit qu\u2019il a \u00e9t\u00e9 pay\u00e9 200\u00a0euros pour transporter la marchandise depuis son quartier du Grand Parc, \u00e0 Bordeaux, jusqu\u2019\u00e0 la place Saint-Pierre, \u00e0 Saintes, o\u00f9 un inconnu devait la r\u00e9cup\u00e9rer. Il ne peut pas donner de noms, trop dangereux. Il est sous contr\u00f4le judiciaire dans une autre affaire, des violences en bande, \u00ab\u00a0une bagarre qui a mal tourn\u00e9\u00a0\u00bb, r\u00e9sume-t-il.<\/p>\n<p>Petites coupures<\/p>\n<p>Les deux hommes ne sont visiblement pas pr\u00e9par\u00e9s \u00e0 l\u2019exercice. Ils n\u2019ont pas de justificatifs, s\u2019embrouillent dans leurs explications. Le passager, 21\u00a0ans, affirme qu\u2019il ne connaissait pas le motif du voyage, contrairement \u00e0 ce qu\u2019il a admis en audition. S\u2019il avait 3\u00a0030\u00a0euros en petites coupures sur lui, c\u2019\u00e9tait pour acheter une voiture. Un classique des excuses bidon, ironise la substitut du procureur, C\u00e9line Diard, qui moque leur manque d\u2019imagination. \u00ab\u00a0Vous prendrez les explications que vous voudrez. Le plus plausible, c\u2019est qu\u2019ils ont fait \u00e7a pour l\u2019argent.\u00a0\u00bb<\/p>\n<p>\u00ab\u00a0On ne veut pas de d\u00e9versement important de stup\u00e9fiants sur Saintes. \u00c7a passe par des condamnations \u00e0 la hauteur\u00a0\u00bb, poursuit-elle. Le tribunal la suit dans ses r\u00e9quisitions, avec pour chacun une peine de trois ans dont deux avec sursis probatoire, am\u00e9nageable, l\u2019interdiction de para\u00eetre en Charente-Maritime, et une amende de 10\u00a0340\u00a0euros, soit 10\u00a0euros par gramme de drogue intercept\u00e9e. \u00ab\u00a0J\u2019ai l\u2019impression d\u2019\u00eatre le plus grand des voyous. D\u00e9j\u00e0 qu\u2019on ne s\u2019en sort pas, ce sont des sommes qu\u2019on ne pourra jamais payer\u00a0\u00bb, soupire le conducteur.<\/p>\n","protected":false},"excerpt":{"rendered":"Les agents des Douanes de La\u00a0Rochelle ont vite flair\u00e9 la bonne prise. Le jeudi 30\u00a0janvier 2025, ils contr\u00f4lent&hellip;\n","protected":false},"author":2,"featured_media":417493,"comment_status":"","ping_status":"","sticky":false,"template":"","format":"standard","meta":{"footnotes":""},"categories":[2817],"tags":[1111,11,1997,1777,674,1011,27,12,2219,25],"class_list":{"0":"post-417492","1":"post","2":"type-post","3":"status-publish","4":"format-standard","5":"has-post-thumbnail","7":"category-bordeaux","8":"tag-actu","9":"tag-actualites","10":"tag-bordeaux","11":"tag-eu","12":"tag-europe","13":"tag-fr","14":"tag-france","15":"tag-news","16":"tag-nouvelle-aquitaine","17":"tag-republique-francaise"},"share_on_mastodon":{"url":"https:\/\/pubeurope.com\/@fr\/115267208747079240","error":""},"_links":{"self":[{"href":"https:\/\/www.europesays.com\/fr\/wp-json\/wp\/v2\/posts\/417492","targetHints":{"allow":["GET"]}}],"collection":[{"href":"https:\/\/www.europesays.com\/fr\/wp-json\/wp\/v2\/posts"}],"about":[{"href":"https:\/\/www.europesays.com\/fr\/wp-json\/wp\/v2\/types\/post"}],"author":[{"embeddable":true,"href":"https:\/\/www.europesays.com\/fr\/wp-json\/wp\/v2\/users\/2"}],"replies":[{"embeddable":true,"href":"https:\/\/www.europesays.com\/fr\/wp-json\/wp\/v2\/comments?post=417492"}],"version-history":[{"count":0,"href":"https:\/\/www.europesays.com\/fr\/wp-json\/wp\/v2\/posts\/417492\/revisions"}],"wp:featuredmedia":[{"embeddable":true,"href":"https:\/\/www.europesays.com\/fr\/wp-json\/wp\/v2\/media\/417493"}],"wp:attachment":[{"href":"https:\/\/www.europesays.com\/fr\/wp-json\/wp\/v2\/media?parent=417492"}],"wp:term":[{"taxonomy":"category","embeddable":true,"href":"https:\/\/www.europesays.com\/fr\/wp-json\/wp\/v2\/categories?post=417492"},{"taxonomy":"post_tag","embeddable":true,"href":"https:\/\/www.europesays.com\/fr\/wp-json\/wp\/v2\/tags?post=417492"}],"curies":[{"name":"wp","href":"https:\/\/api.w.org\/{rel}","templated":true}]}}