{"id":417512,"date":"2025-09-25T22:17:13","date_gmt":"2025-09-25T22:17:13","guid":{"rendered":"https:\/\/www.europesays.com\/fr\/417512\/"},"modified":"2025-09-25T22:17:13","modified_gmt":"2025-09-25T22:17:13","slug":"linternat-du-lycee-de-saint-jean-de-maurienne-ferme-pour-un-mois-en-raison-de-la-presence-de-legionnelles","status":"publish","type":"post","link":"https:\/\/www.europesays.com\/fr\/417512\/","title":{"rendered":"l&rsquo;internat du lyc\u00e9e de Saint-Jean-de-Maurienne ferm\u00e9 pour un mois en raison de la pr\u00e9sence de l\u00e9gionnelles"},"content":{"rendered":"\n<p class=\"c-chapo \">\n  Un cluster de l\u00e9gionellose est par ailleurs toujours en cours dans le secteur d&rsquo;Albertville, sans lien \u00e9tabli avec la situation \u00e0 Saint-Jean-de-Maurienne.\n<\/p>\n<p>            lire plus tard<\/p>\n<p id=\"dialog__title\" class=\"dialog__title\">Pour sauvegarder cet article, connectez-vous ou cr\u00e9ez un compte franceinfo<\/p>\n<p class=\"dialog__description\">Sans paiement. Sans abonnement.<\/p>\n<p>        Fermer la fen\u00eatre d\u2019activation des notifications France Info<\/p>\n<p>            cr\u00e9er votre compte<\/p>\n<p>            se connecter<\/p>\n<p>        Fermer la fen\u00eatre de pr\u00e9sentation<\/p>\n<p>    Publi\u00e9 le 25\/09\/2025 21:36<\/p>\n<p>      Mis \u00e0 jour le 25\/09\/2025 22:39<\/p>\n<p>        Temps de lecture : 2min<\/p>\n<p>    <img decoding=\"async\"  alt=\"L'internat du lyc\u00e9e Paul H\u00e9roult de Saint-Jean-de-Maurienne a \u00e9t\u00e9 ferm\u00e9 apr\u00e8s d\u00e9couverte de l\u00e9gionelles. (CAPTURE D'ECRAN GOOGLE MAPS)\" width=\"432\" height=\"243\" src=\"https:\/\/www.europesays.com\/fr\/wp-content\/uploads\/2025\/09\/1200x680-68d5994bc22a9554304614.jpeg\" fetchpriority=\"high\"\/><\/p>\n<p>      L&rsquo;internat du lyc\u00e9e Paul H\u00e9roult de Saint-Jean-de-Maurienne a \u00e9t\u00e9 ferm\u00e9 apr\u00e8s d\u00e9couverte de l\u00e9gionelles. (CAPTURE D&rsquo;ECRAN GOOGLE MAPS)<\/p>\n<p>L&rsquo;internat du lyc\u00e9e Paul H\u00e9roult de Saint-Jean-de-Maurienne, en Savoie, a \u00e9t\u00e9 ferm\u00e9 et les \u00e9l\u00e8ves renvoy\u00e9s chez eux, jeudi\u00a025 septembre \u00e0 la mi-journ\u00e9e, en raison de la pr\u00e9sence de l\u00e9gionnelles, <a href=\"https:\/\/www.francebleu.fr\/infos\/education\/savoie-presence-de-legionelles-dans-un-lycee-de-saint-jean-de-maurienne-l-internat-ferme-jusqu-a-debut-novembre-7449382\" target=\"_blank\" rel=\"noopener nofollow\">a appris ICI Pays de Savoie (ex-France Bleu)<\/a>. L&rsquo;internat, qui accueille 200\u00a0\u00e9l\u00e8ves, restera ferm\u00e9 jusqu&rsquo;au 2\u00a0novembre, c&rsquo;est-\u00e0-dire jusqu&rsquo;au retour des vacances scolaires de la Toussaint.<\/p>\n<p>Des bus ont \u00e9t\u00e9 sp\u00e9cialement affr\u00e9t\u00e9s pour ramener les \u00e9l\u00e8ves chez eux, apr\u00e8s la d\u00e9couverte de l\u00e9gionnelles au troisi\u00e8me \u00e9tage de l&rsquo;internat, pr\u00e9cise ICI Pays de Savoie. \u00ab\u00a0L&rsquo;accueil des \u00e9l\u00e8ves internes est suspendu depuis ce jeudi soir\u00a0\u00bb, indique le rectorat de l&rsquo;acad\u00e9mie de Grenoble dans un communiqu\u00e9.<\/p>\n<blockquote class=\"ftvi_content_quote\">\n<p class=\"ftvi_citation_quote\">\u00ab\u00a0Les analyses r\u00e9alis\u00e9es sur l\u2019eau du b\u00e2timent de l\u2019internat du lyc\u00e9e Paul H\u00e9roult ont r\u00e9v\u00e9l\u00e9 la pr\u00e9sence d\u2019un taux de l\u00e9gionnelles sup\u00e9rieur aux seuils de r\u00e9f\u00e9rence. Aucune trace de l\u00e9gionnelle n\u2019a en revanche \u00e9t\u00e9 d\u00e9tect\u00e9e dans le b\u00e2timent de l\u2019externat (salles de classe et restauration scolaire).\u00a0\u00bb<\/p>\n<p>Rectorat de l&rsquo;acad\u00e9mie de Grenoble<\/p>\n<p class=\"ftvi_citation_source\">dans un communiqu\u00e9<\/p>\n<\/blockquote>\n<p>\u00ab\u00a0Des op\u00e9rations de d\u00e9sinfection du r\u00e9seau d\u2019eau ont \u00e9t\u00e9 engag\u00e9es d\u00e8s ce [jeudi] matin\u00a0\u00bb, explique le rectorat de l\u2019acad\u00e9mie dans son communiqu\u00e9, qui pr\u00e9cise que \u00ab\u00a0trois \u00e9l\u00e8ves internes pr\u00e9sentent des sympt\u00f4mes l\u00e9gers\u00a0\u00bb et \u00ab\u00a0b\u00e9n\u00e9ficient d&rsquo;un suivi m\u00e9dical\u00a0\u00bb. Au lyc\u00e9e, les cours auront lieu normalement ce vendredi, \u00e0 l&rsquo;exception du \u00ab\u00a0b\u00e2timent de la section h\u00f4teli\u00e8re, reli\u00e9 au b\u00e2timent de l\u2019internat, \u00e9galement ferm\u00e9 par pr\u00e9caution\u00a0\u00bb.<\/p>\n<p>Sans lien avec la situation dans ce lyc\u00e9e de Saint-Jean-de-Maurienne, <a href=\"https:\/\/www.franceinfo.fr\/sante\/maladie\/legionellose-45-cas-desormais-confirmes-en-savoie-les-investigations-continuent-sur-l-origine-des-contaminations_7511728.html\" rel=\"nofollow noopener\" target=\"_blank\">un cluster de l\u00e9gionellose<\/a> est par ailleurs toujours en cours dans le secteur d&rsquo;Albertville, situ\u00e9 \u00e0 une soixantaine de kilom\u00e8tres plus au nord. Le nombre de cas d\u00e9tect\u00e9s depuis la mi-septembre s\u2019\u00e9l\u00e8ve \u00e0 45 apr\u00e8s la confirmation de 28\u00a0nouveaux cas, selon un point de situation de la pr\u00e9fecture et de l&rsquo;ARS diffus\u00e9 mercredi soir.<\/p>\n","protected":false},"excerpt":{"rendered":"Un cluster de l\u00e9gionellose est par ailleurs toujours en cours dans le secteur d&rsquo;Albertville, sans lien \u00e9tabli avec&hellip;\n","protected":false},"author":2,"featured_media":417513,"comment_status":"","ping_status":"","sticky":false,"template":"","format":"standard","meta":{"footnotes":""},"categories":[1888],"tags":[1111,1928,11,1927,1777,674,1011,27,12,1926,626,1925,25],"class_list":{"0":"post-417512","1":"post","2":"type-post","3":"status-publish","4":"format-standard","5":"has-post-thumbnail","7":"category-paris","8":"tag-actu","9":"tag-actu-paris","10":"tag-actualites","11":"tag-actualites-paris","12":"tag-eu","13":"tag-europe","14":"tag-fr","15":"tag-france","16":"tag-news","17":"tag-news-paris","18":"tag-paris","19":"tag-paris-news","20":"tag-republique-francaise"},"share_on_mastodon":{"url":"https:\/\/pubeurope.com\/@fr\/115267256515449747","error":""},"_links":{"self":[{"href":"https:\/\/www.europesays.com\/fr\/wp-json\/wp\/v2\/posts\/417512","targetHints":{"allow":["GET"]}}],"collection":[{"href":"https:\/\/www.europesays.com\/fr\/wp-json\/wp\/v2\/posts"}],"about":[{"href":"https:\/\/www.europesays.com\/fr\/wp-json\/wp\/v2\/types\/post"}],"author":[{"embeddable":true,"href":"https:\/\/www.europesays.com\/fr\/wp-json\/wp\/v2\/users\/2"}],"replies":[{"embeddable":true,"href":"https:\/\/www.europesays.com\/fr\/wp-json\/wp\/v2\/comments?post=417512"}],"version-history":[{"count":0,"href":"https:\/\/www.europesays.com\/fr\/wp-json\/wp\/v2\/posts\/417512\/revisions"}],"wp:featuredmedia":[{"embeddable":true,"href":"https:\/\/www.europesays.com\/fr\/wp-json\/wp\/v2\/media\/417513"}],"wp:attachment":[{"href":"https:\/\/www.europesays.com\/fr\/wp-json\/wp\/v2\/media?parent=417512"}],"wp:term":[{"taxonomy":"category","embeddable":true,"href":"https:\/\/www.europesays.com\/fr\/wp-json\/wp\/v2\/categories?post=417512"},{"taxonomy":"post_tag","embeddable":true,"href":"https:\/\/www.europesays.com\/fr\/wp-json\/wp\/v2\/tags?post=417512"}],"curies":[{"name":"wp","href":"https:\/\/api.w.org\/{rel}","templated":true}]}}