{"id":417520,"date":"2025-09-25T22:21:28","date_gmt":"2025-09-25T22:21:28","guid":{"rendered":"https:\/\/www.europesays.com\/fr\/417520\/"},"modified":"2025-09-25T22:21:28","modified_gmt":"2025-09-25T22:21:28","slug":"la-russie-na-pas-viole-lespace-aerien-canadien-au-cours-de-la-derniere-annee","status":"publish","type":"post","link":"https:\/\/www.europesays.com\/fr\/417520\/","title":{"rendered":"La Russie n&rsquo;a pas viol\u00e9 l&rsquo;espace a\u00e9rien canadien au cours de la derni\u00e8re ann\u00e9e"},"content":{"rendered":"<p>OTTAWA \u2014 De hauts responsables de la D\u00e9fense et des Affaires \u00e9trang\u00e8res affirment que le Canada n\u2019a constat\u00e9 aucune incursion russe dans son espace a\u00e9rien au cours de la derni\u00e8re ann\u00e9e, \u00e0 la suite des violations a\u00e9riennes de Moscou, qu\u2019ils ont accus\u00e9 de jouer \u00abau chat et \u00e0 la souris\u00bb avec les pays de l\u2019OTAN.<\/p>\n<p>Un comit\u00e9 de la Chambre des communes \u00e9tudie les r\u00e9centes incursions russes dans l\u2019espace a\u00e9rien alli\u00e9 en Europe de l\u2019Est.<\/p>\n<p>Des responsables ont d\u00e9clar\u00e9 aujourd\u2019hui au comit\u00e9 que le rythme et l\u2019ampleur des mesures prises par la Russie pour inspecter les d\u00e9fenses des alli\u00e9s de l\u2019OTAN se sont consid\u00e9rablement intensifi\u00e9s au cours de la derni\u00e8re ann\u00e9e.<\/p>\n<p>Ces derni\u00e8res semaines, la Russie a d\u00e9ploy\u00e9 des drones dans les espaces a\u00e9riens polonais et roumain et a fait voler des avions de chasse dans l\u2019espace a\u00e9rien estonien.<\/p>\n<p>En r\u00e9ponse, l\u2019OTAN a invoqu\u00e9 les consultations pr\u00e9vues \u00e0 l\u2019article 4\u00a0et lanc\u00e9 l\u2019op\u00e9ration Eastern Sentry (Sentinelle orientale) afin de renforcer sa position et ses d\u00e9fenses a\u00e9riennes sur le flanc est de l\u2019Europe.<\/p>\n<p>Des responsables canadiens affirment qu\u2019une r\u00e9ponse plus large de l\u2019OTAN pourrait \u00eatre envisag\u00e9e \u00e0 l\u2019avenir et qu\u2019Ottawa examine constamment la possibilit\u00e9 de nouvelles sanctions contre la Russie.<\/p>\n","protected":false},"excerpt":{"rendered":"OTTAWA \u2014 De hauts responsables de la D\u00e9fense et des Affaires \u00e9trang\u00e8res affirment que le Canada n\u2019a constat\u00e9&hellip;\n","protected":false},"author":2,"featured_media":417521,"comment_status":"","ping_status":"","sticky":false,"template":"","format":"standard","meta":{"footnotes":""},"categories":[1591],"tags":[11,1887,11621,20106,4576,12,1885,1886,132],"class_list":{"0":"post-417520","1":"post","2":"type-post","3":"status-publish","4":"format-standard","5":"has-post-thumbnail","7":"category-russie","8":"tag-actualites","9":"tag-federation-de-russie","10":"tag-https-lactualite-com-sujet-defense","11":"tag-https-lactualite-com-sujet-justice","12":"tag-https-lactualite-com-sujet-politique","13":"tag-news","14":"tag-russia","15":"tag-russian-federation","16":"tag-russie"},"share_on_mastodon":{"url":"https:\/\/pubeurope.com\/@fr\/115267271664621576","error":""},"_links":{"self":[{"href":"https:\/\/www.europesays.com\/fr\/wp-json\/wp\/v2\/posts\/417520","targetHints":{"allow":["GET"]}}],"collection":[{"href":"https:\/\/www.europesays.com\/fr\/wp-json\/wp\/v2\/posts"}],"about":[{"href":"https:\/\/www.europesays.com\/fr\/wp-json\/wp\/v2\/types\/post"}],"author":[{"embeddable":true,"href":"https:\/\/www.europesays.com\/fr\/wp-json\/wp\/v2\/users\/2"}],"replies":[{"embeddable":true,"href":"https:\/\/www.europesays.com\/fr\/wp-json\/wp\/v2\/comments?post=417520"}],"version-history":[{"count":0,"href":"https:\/\/www.europesays.com\/fr\/wp-json\/wp\/v2\/posts\/417520\/revisions"}],"wp:featuredmedia":[{"embeddable":true,"href":"https:\/\/www.europesays.com\/fr\/wp-json\/wp\/v2\/media\/417521"}],"wp:attachment":[{"href":"https:\/\/www.europesays.com\/fr\/wp-json\/wp\/v2\/media?parent=417520"}],"wp:term":[{"taxonomy":"category","embeddable":true,"href":"https:\/\/www.europesays.com\/fr\/wp-json\/wp\/v2\/categories?post=417520"},{"taxonomy":"post_tag","embeddable":true,"href":"https:\/\/www.europesays.com\/fr\/wp-json\/wp\/v2\/tags?post=417520"}],"curies":[{"name":"wp","href":"https:\/\/api.w.org\/{rel}","templated":true}]}}