{"id":417528,"date":"2025-09-25T22:25:12","date_gmt":"2025-09-25T22:25:12","guid":{"rendered":"https:\/\/www.europesays.com\/fr\/417528\/"},"modified":"2025-09-25T22:25:12","modified_gmt":"2025-09-25T22:25:12","slug":"les-etats-unis-approuvent-la-vente-de-missiles-a-une-allemagne-qui-se-rearme","status":"publish","type":"post","link":"https:\/\/www.europesays.com\/fr\/417528\/","title":{"rendered":"Les \u00c9tats-Unis approuvent la vente de missiles \u00e0 une Allemagne qui se r\u00e9arme"},"content":{"rendered":"<p class=\"ap-StoryElement ap-StoryElement--mb ap-StoryText\">Le d\u00e9partement d&rsquo;\u00c9tat a approuv\u00e9 la vente de jusqu&rsquo;\u00e0 400 missiles. Le Congr\u00e8s doit encore donner son accord, une formalit\u00e9.<\/p>\n<p class=\"ap-StoryElement ap-StoryElement--mb ap-StoryText\">L&rsquo;annonce am\u00e9ricaine survient le jour m\u00eame o\u00f9 le ministre allemand de l&rsquo;Int\u00e9rieur, Alexander Dobrindt, a affirm\u00e9 au parlement que l&rsquo;Europe \u00e9tait \u00ab\u00a0dans une course aux armements\u00a0\u00bb s&rsquo;agissant des moyens de se d\u00e9fendre contre des drones hostiles, apr\u00e8s la multiplication d&rsquo;incidents dans lesquels la Russie fait figure de principal suspect.<\/p>\n<p class=\"ap-StoryElement ap-StoryElement--mb ap-StoryText\">Avec l&rsquo;arriv\u00e9e \u00e0 la chancellerie du conservateur Friedrich Merz, l&rsquo;Allemagne vise \u00e0 devenir le fer de lance du r\u00e9armement europ\u00e9en, compte tenu de la menace russe et du d\u00e9sengagement am\u00e9ricain.<\/p>\n","protected":false},"excerpt":{"rendered":"Le d\u00e9partement d&rsquo;\u00c9tat a approuv\u00e9 la vente de jusqu&rsquo;\u00e0 400 missiles. Le Congr\u00e8s doit encore donner son accord,&hellip;\n","protected":false},"author":2,"featured_media":25030,"comment_status":"","ping_status":"","sticky":false,"template":"","format":"standard","meta":{"footnotes":""},"categories":[1587],"tags":[11,672,1804,1805,554,1803,312,73,1777,674,1801,12,136,1802,132],"class_list":{"0":"post-417528","1":"post","2":"type-post","3":"status-publish","4":"format-standard","5":"has-post-thumbnail","7":"category-allemagne","8":"tag-actualites","9":"tag-allemagne","10":"tag-bundesrepublik-deutschland","11":"tag-de","12":"tag-defense","13":"tag-deutschland","14":"tag-diplomatie","15":"tag-etats-unis","16":"tag-eu","17":"tag-europe","18":"tag-germany","19":"tag-news","20":"tag-otan","21":"tag-republique-federale-dallemagne","22":"tag-russie"},"share_on_mastodon":{"url":"https:\/\/pubeurope.com\/@fr\/115267287529495111","error":""},"_links":{"self":[{"href":"https:\/\/www.europesays.com\/fr\/wp-json\/wp\/v2\/posts\/417528","targetHints":{"allow":["GET"]}}],"collection":[{"href":"https:\/\/www.europesays.com\/fr\/wp-json\/wp\/v2\/posts"}],"about":[{"href":"https:\/\/www.europesays.com\/fr\/wp-json\/wp\/v2\/types\/post"}],"author":[{"embeddable":true,"href":"https:\/\/www.europesays.com\/fr\/wp-json\/wp\/v2\/users\/2"}],"replies":[{"embeddable":true,"href":"https:\/\/www.europesays.com\/fr\/wp-json\/wp\/v2\/comments?post=417528"}],"version-history":[{"count":0,"href":"https:\/\/www.europesays.com\/fr\/wp-json\/wp\/v2\/posts\/417528\/revisions"}],"wp:featuredmedia":[{"embeddable":true,"href":"https:\/\/www.europesays.com\/fr\/wp-json\/wp\/v2\/media\/25030"}],"wp:attachment":[{"href":"https:\/\/www.europesays.com\/fr\/wp-json\/wp\/v2\/media?parent=417528"}],"wp:term":[{"taxonomy":"category","embeddable":true,"href":"https:\/\/www.europesays.com\/fr\/wp-json\/wp\/v2\/categories?post=417528"},{"taxonomy":"post_tag","embeddable":true,"href":"https:\/\/www.europesays.com\/fr\/wp-json\/wp\/v2\/tags?post=417528"}],"curies":[{"name":"wp","href":"https:\/\/api.w.org\/{rel}","templated":true}]}}