{"id":417529,"date":"2025-09-25T22:26:17","date_gmt":"2025-09-25T22:26:17","guid":{"rendered":"https:\/\/www.europesays.com\/fr\/417529\/"},"modified":"2025-09-25T22:26:17","modified_gmt":"2025-09-25T22:26:17","slug":"dans-quels-pays-deurope-le-service-militaire-est-il-obligatoire","status":"publish","type":"post","link":"https:\/\/www.europesays.com\/fr\/417529\/","title":{"rendered":"Dans quels pays d\u2019Europe le service militaire est-il obligatoire ?"},"content":{"rendered":"<p class=\"mb-4 text-lg md:leading-8 break-words\">Alors que les tensions g\u00e9opolitiques se multiplient aux portes de l\u2019Europe, la question du service militaire obligatoire refait surface dans de nombreux pays. Certains \u00c9tats l\u2019ont aboli depuis longtemps, d\u2019autres l\u2019ont suspendu temporairement, tandis qu\u2019une poign\u00e9e l\u2019ont maintenu ou r\u00e9cemment r\u00e9introduit. Mais quels sont ces pays o\u00f9 la conscription est encore d\u2019actualit\u00e9 ? Est-elle r\u00e9serv\u00e9e aux hommes ? \u00c0 quel \u00e2ge commence-t-elle, et pour combien de temps ? Et surtout, que traduit ce retour du service militaire sur l\u2019\u00e9tat des soci\u00e9t\u00e9s europ\u00e9ennes ?<\/p>\n<p class=\"mb-4 text-lg md:leading-8 break-words\">En 2025, 10 \u00c9tats europ\u00e9ens maintiennent un service militaire obligatoire, sous des formes diverses. Il s\u2019agit de la Finlande, Su\u00e8de, Danemark, Lituanie, Lettonie, Estonie, Autriche, Croatie, Gr\u00e8ce et Chypre.<\/p>\n<p class=\"mb-4 text-lg md:leading-8 break-words\">En Gr\u00e8ce, le service militaire dure entre 9 et 12 mois pour les hommes d\u00e8s l\u2019\u00e2ge de 18 ans. \u00c0 Chypre, la conscription dure 14 mois et concerne \u00e9galement les hommes. L\u2019Autriche maintient un service de 6 mois, avec possibilit\u00e9 d\u2019un service civil en alternative. La Finlande, bien que neutre militairement, impose un service d\u2019une dur\u00e9e comprise entre 165 et 347 jours. Les pays baltes comme la Lituanie et l\u2019Estonie ont r\u00e9introduit ou renforc\u00e9 leur service militaire apr\u00e8s l\u2019annexion de la Crim\u00e9e par la Russie en 2014, par souci de s\u00e9curit\u00e9 nationale. La Lituanie a ainsi r\u00e9tabli en 2015 une conscription d\u2019un an.<\/p>\n<p class=\"mb-4 text-lg md:leading-8 break-words\">Enfin, la Suisse, bien qu\u2019en dehors de l\u2019UE, reste un cas embl\u00e9matique : le service y est obligatoire pour les hommes, avec (&#8230;)<\/p>\n<p class=\"mb-4 text-lg md:leading-8 break-words\">(&#8230;) <a href=\"https:\/\/www.caminteresse.fr\/societe\/dans-quels-pays-deurope-le-service-militaire-est-il-obligatoire-11203617\/\" rel=\"nofollow noopener\" target=\"_blank\" data-ylk=\"slk:Cliquez ici pour voir la suite;elm:context_link;itc:0;sec:content-canvas\" class=\"link \">Cliquez ici pour voir la suite<\/a><\/p>\n<p class=\"mb-4 text-lg md:leading-8 break-words\"><a href=\"https:\/\/www.caminteresse.fr\/societe\/pourquoi-le-service-militaire-obligatoire-a-t-il-ete-supprime-en-france-11201550\/\" rel=\"nofollow noopener\" target=\"_blank\" data-ylk=\"slk:Pourquoi le service militaire obligatoire a-t-il \u00e9t\u00e9 supprim\u00e9 en France ?;elm:context_link;itc:0;sec:content-canvas\" class=\"link \">Pourquoi le service militaire obligatoire a-t-il \u00e9t\u00e9 supprim\u00e9 en France ?<\/a><br \/><a href=\"https:\/\/www.caminteresse.fr\/societe\/dans-quel-pays-le-vote-est-il-obligatoire-11195222\/\" rel=\"nofollow noopener\" target=\"_blank\" data-ylk=\"slk:\u00c9lections : dans quel pays le vote est-il obligatoire ?;elm:context_link;itc:0;sec:content-canvas\" class=\"link \">\u00c9lections : dans quel pays le vote est-il obligatoire ?<\/a><br \/><a href=\"https:\/\/www.caminteresse.fr\/societe\/dans-quels-pays-d-europe-part-on-le-plus-tard-a-la-retraite-11200609\/\" rel=\"nofollow noopener\" target=\"_blank\" data-ylk=\"slk:Dans quels pays d&#039;Europe part-on le plus tard \u00e0 la retraite ?;elm:context_link;itc:0;sec:content-canvas\" class=\"link \">Dans quels pays d&rsquo;Europe part-on le plus tard \u00e0 la retraite ?<\/a><br \/><a href=\"https:\/\/www.caminteresse.fr\/societe\/dans-quel-pays-deurope-vit-on-le-plus-vieux-11202536\/\" rel=\"nofollow noopener\" target=\"_blank\" data-ylk=\"slk:Dans quel pays d\u2019Europe vit-on le plus vieux ?;elm:context_link;itc:0;sec:content-canvas\" class=\"link \">Dans quel pays d\u2019Europe vit-on le plus vieux ?<\/a><br \/><a href=\"https:\/\/www.caminteresse.fr\/societe\/logements-dans-quels-pays-deurope-trouve-t-on-le-plus-de-proprietaires-et-la-reponse-va-vous-surprendre-11194782\/\" rel=\"nofollow noopener\" target=\"_blank\" data-ylk=\"slk:Logements : dans quels pays d\u2019Europe trouve-t-on le plus de propri\u00e9taires (et la r\u00e9ponse va vous surprendre) ?;elm:context_link;itc:0;sec:content-canvas\" class=\"link \">Logements : dans quels pays d\u2019Europe trouve-t-on le plus de propri\u00e9taires (et la r\u00e9ponse va vous surprendre) ?<\/a><\/p>\n","protected":false},"excerpt":{"rendered":"Alors que les tensions g\u00e9opolitiques se multiplient aux portes de l\u2019Europe, la question du service militaire obligatoire refait&hellip;\n","protected":false},"author":2,"featured_media":417530,"comment_status":"","ping_status":"","sticky":false,"template":"","format":"standard","meta":{"footnotes":""},"categories":[1586],"tags":[11,54718,1777,674,1011,27,54717,2050,12,25,29810],"class_list":{"0":"post-417529","1":"post","2":"type-post","3":"status-publish","4":"format-standard","5":"has-post-thumbnail","7":"category-europe","8":"tag-actualites","9":"tag-etats-europeens","10":"tag-eu","11":"tag-europe","12":"tag-fr","13":"tag-france","14":"tag-le-service-militaire","15":"tag-lituanie","16":"tag-news","17":"tag-republique-francaise","18":"tag-service-militaire"},"share_on_mastodon":{"url":"https:\/\/pubeurope.com\/@fr\/115267291362997402","error":""},"_links":{"self":[{"href":"https:\/\/www.europesays.com\/fr\/wp-json\/wp\/v2\/posts\/417529","targetHints":{"allow":["GET"]}}],"collection":[{"href":"https:\/\/www.europesays.com\/fr\/wp-json\/wp\/v2\/posts"}],"about":[{"href":"https:\/\/www.europesays.com\/fr\/wp-json\/wp\/v2\/types\/post"}],"author":[{"embeddable":true,"href":"https:\/\/www.europesays.com\/fr\/wp-json\/wp\/v2\/users\/2"}],"replies":[{"embeddable":true,"href":"https:\/\/www.europesays.com\/fr\/wp-json\/wp\/v2\/comments?post=417529"}],"version-history":[{"count":0,"href":"https:\/\/www.europesays.com\/fr\/wp-json\/wp\/v2\/posts\/417529\/revisions"}],"wp:featuredmedia":[{"embeddable":true,"href":"https:\/\/www.europesays.com\/fr\/wp-json\/wp\/v2\/media\/417530"}],"wp:attachment":[{"href":"https:\/\/www.europesays.com\/fr\/wp-json\/wp\/v2\/media?parent=417529"}],"wp:term":[{"taxonomy":"category","embeddable":true,"href":"https:\/\/www.europesays.com\/fr\/wp-json\/wp\/v2\/categories?post=417529"},{"taxonomy":"post_tag","embeddable":true,"href":"https:\/\/www.europesays.com\/fr\/wp-json\/wp\/v2\/tags?post=417529"}],"curies":[{"name":"wp","href":"https:\/\/api.w.org\/{rel}","templated":true}]}}