{"id":417531,"date":"2025-09-25T22:27:13","date_gmt":"2025-09-25T22:27:13","guid":{"rendered":"https:\/\/www.europesays.com\/fr\/417531\/"},"modified":"2025-09-25T22:27:13","modified_gmt":"2025-09-25T22:27:13","slug":"le-nantais-mostafa-mohamed-fracasse-antoine-kombouare","status":"publish","type":"post","link":"https:\/\/www.europesays.com\/fr\/417531\/","title":{"rendered":"le Nantais Mostafa Mohamed fracasse Antoine Kombouar\u00e9"},"content":{"rendered":"<p>Dans une interview accord\u00e9e \u00e0 Ouest-France, l&rsquo;attaquant \u00e9gyptien, Mostafa Mohamed, s&rsquo;en prend tr\u00e8s durement \u00e0 Antoine Kombouar\u00e9, et encense son successeur sur le banc nantais, Luis Castro.<\/p>\n<p><a href=\"https:\/\/rmcsport.bfmtv.com\/football\/ligue-1\/ma-participation-a-cette-initiative-est-impossible-le-nantais-mostafa-mohamed-assume-de-ne-pas-vouloir-jouer-lors-de-la-journee-contre-l-homophobie_AV-202505160397.html\" title=\"&quot;Ma participation \u00e0 cette initiative est impossible&quot;: le Nantais Mostafa Mohamed assume de ne pas vouloir jouer lors de la journ\u00e9e contre l\u2019homophobie\" class=\"internal_link\" rel=\"nofollow noopener\" target=\"_blank\">Mostafa Mohamed<\/a> est un homme de peu de mots. D\u00e9barqu\u00e9 en France \u00e0 l\u2019\u00e9t\u00e9 2022 en provenance de Galatasaray, l\u2019attaquant du FC Nantes (27 ans) a toujours limit\u00e9 ses interviews \u00e0 de rares occasions. Mais quand il se d\u00e9cide \u00e0 prendre la parole, l\u2019\u00c9gyptien n\u2019est g\u00e9n\u00e9ralement pas du genre \u00e0 manier la langue de bois.<\/p>\n<p>Dans un entretien publi\u00e9 ce jeudi par <a href=\"https:\/\/www.ouest-france.fr\/sport\/football\/fc-nantes\/entretien-fc-nantes-si-kombouare-restait-je-partais-livre-mostafa-mohamed-4deacefc-9a1f-11f0-bc84-9e08c570c0db\" target=\"_blank\" class=\"external_link\" rel=\"nofollow noopener\">Ouest-France<\/a>, il s\u2019en prend ainsi avec des mots tr\u00e8s durs \u00e0&#8230; <a href=\"https:\/\/rmcsport.bfmtv.com\/football\/ligue-1\/ligue-1-antoine-kombouare-et-nantes-c-est-encore-fini_AV-202505200222.html\" title=\"Ligue 1: Antoine Kombouar\u00e9 et Nantes, c\u2019est encore fini\" class=\"internal_link\" rel=\"nofollow noopener\" target=\"_blank\">Antoine Kombouar\u00e9<\/a>. \u00ab\u00a0La raison pour laquelle je suis rest\u00e9 \u00e0 Nantes, c&rsquo;est parce que Luis Castro m&rsquo;a dit qu&rsquo;il me faisait confiance et qu&rsquo;on pouvait s&rsquo;aider mutuellement. Antoine Kombouar\u00e9 est le pire entra\u00eeneur que j&rsquo;ai eu. Il est celui avec qui j&rsquo;ai pens\u00e9 \u00e0 partir. J&rsquo;avais mis \u00e7a en balance: si Kombouar\u00e9 restait, moi, je partais\u00a0\u00bb, l\u00e2che-t-il.<\/p>\n<p>Il voit Nantes se battre pour l&rsquo;Europe avec Castro<\/p>\n<p>Confront\u00e9 \u00e0 la concurrence de <a href=\"https:\/\/rmcsport.bfmtv.com\/football\/transferts\/nantes-psg-abline-a-eu-droit-a-un-debrief-muscle-de-la-part-de-castro-dans-le-vestiaire_AV-202508190525.html\" title=\"Nantes-PSG: Abline a eu droit a un d\u00e9brief muscl\u00e9 de la part de Castro dans le vestiaire\" class=\"internal_link\" rel=\"nofollow noopener\" target=\"_blank\">Matthis Abline<\/a>, Mohamed a sans doute tr\u00e8s mal v\u00e9cu la saison derni\u00e8re, avec des passages r\u00e9guliers sur le banc. M\u00e9content de son investissement et de son rendement, Kombouar\u00e9 l\u2019avait m\u00eame un temps \u00e9cart\u00e9 pour un match \u00e0 Saint-\u00c9tienne, fin janvier. Depuis, Nantes a vaid\u00e9 son maintien in extremis en Ligue 1 et a tout chang\u00e9 ou presque cet \u00e9t\u00e9, en laissant partir de nombreux cadres en fin de cycle et en rempla\u00e7ant Kombouar\u00e9 par Luis Castro, recrut\u00e9 \u00e0 Dunkerque avec l&rsquo;ambition de retrouver un jeu enfin s\u00e9duisant \u00e0 la Beaujoire.<\/p>\n<p>Annonc\u00e9 sur le d\u00e9part, Mohamed n&rsquo;est lui finalement pas parti. \u00ab\u00a0Je suis quelqu&rsquo;un qui a besoin de sentir qu&rsquo;on me fait confiance et quand Luis Castro est arriv\u00e9, j&rsquo;ai imm\u00e9diatement senti qu&rsquo;il croyait en moi. Donc, j&rsquo;ai d\u00e9cid\u00e9 de rester. Vous allez voir, cette ann\u00e9e, le FC Nantes ne va pas jouer le maintien mais une qualification europ\u00e9enne, car on peut avoir beaucoup d&rsquo;ambitions avec ce nouvel entra\u00eeneur, qui porte beaucoup de consid\u00e9ration \u00e0 ses joueurs et qui a une mentalit\u00e9 de gagnant\u00a0\u00bb, dit-il \u00e0 Ouest-France.<\/p>\n<p>Plut\u00f4t en vue lors des matchs de pr\u00e9paration, il a aussi profit\u00e9 du flou autour de la situation d\u2019Abline pour d\u00e9marrer la saison comme titulaire, et s&rsquo;est illustr\u00e9 en marquant lors de la seule victoire du FCN obtenue contre Auxerre (1-0). Mais c&rsquo;est un de ses concurrents en pointe, Youssef El Arabi, qui a permis aux Nantais d&rsquo;arracher le nul dans le derby face \u00e0 Rennes (2-2), le week-end dernier.<\/p>\n","protected":false},"excerpt":{"rendered":"Dans une interview accord\u00e9e \u00e0 Ouest-France, l&rsquo;attaquant \u00e9gyptien, Mostafa Mohamed, s&rsquo;en prend tr\u00e8s durement \u00e0 Antoine Kombouar\u00e9, et&hellip;\n","protected":false},"author":2,"featured_media":417532,"comment_status":"","ping_status":"","sticky":false,"template":"","format":"standard","meta":{"footnotes":""},"categories":[1586],"tags":[11,1777,674,1779,1011,27,12,25,1778,364],"class_list":{"0":"post-417531","1":"post","2":"type-post","3":"status-publish","4":"format-standard","5":"has-post-thumbnail","7":"category-europe","8":"tag-actualites","9":"tag-eu","10":"tag-europe","11":"tag-european-union","12":"tag-fr","13":"tag-france","14":"tag-news","15":"tag-republique-francaise","16":"tag-ue","17":"tag-union-europeenne"},"share_on_mastodon":{"url":"https:\/\/pubeurope.com\/@fr\/115267295429358481","error":""},"_links":{"self":[{"href":"https:\/\/www.europesays.com\/fr\/wp-json\/wp\/v2\/posts\/417531","targetHints":{"allow":["GET"]}}],"collection":[{"href":"https:\/\/www.europesays.com\/fr\/wp-json\/wp\/v2\/posts"}],"about":[{"href":"https:\/\/www.europesays.com\/fr\/wp-json\/wp\/v2\/types\/post"}],"author":[{"embeddable":true,"href":"https:\/\/www.europesays.com\/fr\/wp-json\/wp\/v2\/users\/2"}],"replies":[{"embeddable":true,"href":"https:\/\/www.europesays.com\/fr\/wp-json\/wp\/v2\/comments?post=417531"}],"version-history":[{"count":0,"href":"https:\/\/www.europesays.com\/fr\/wp-json\/wp\/v2\/posts\/417531\/revisions"}],"wp:featuredmedia":[{"embeddable":true,"href":"https:\/\/www.europesays.com\/fr\/wp-json\/wp\/v2\/media\/417532"}],"wp:attachment":[{"href":"https:\/\/www.europesays.com\/fr\/wp-json\/wp\/v2\/media?parent=417531"}],"wp:term":[{"taxonomy":"category","embeddable":true,"href":"https:\/\/www.europesays.com\/fr\/wp-json\/wp\/v2\/categories?post=417531"},{"taxonomy":"post_tag","embeddable":true,"href":"https:\/\/www.europesays.com\/fr\/wp-json\/wp\/v2\/tags?post=417531"}],"curies":[{"name":"wp","href":"https:\/\/api.w.org\/{rel}","templated":true}]}}