{"id":417537,"date":"2025-09-25T22:30:14","date_gmt":"2025-09-25T22:30:14","guid":{"rendered":"https:\/\/www.europesays.com\/fr\/417537\/"},"modified":"2025-09-25T22:30:14","modified_gmt":"2025-09-25T22:30:14","slug":"la-france-prete-a-contribuer-a-la-securite-de-lespace-aerien-danois-affirme-macron","status":"publish","type":"post","link":"https:\/\/www.europesays.com\/fr\/417537\/","title":{"rendered":"La France pr\u00eate \u00e0 \u00ab\u00a0contribuer \u00e0 la s\u00e9curit\u00e9 de l\u2019espace a\u00e9rien danois\u00a0\u00bb, affirme Macron"},"content":{"rendered":"<p>La France se dit pr\u00eate \u00e0 intervenir pour \u00ab\u00a0contribuer \u00e0 la s\u00e9curit\u00e9\u00a0\u00bb. Emmanuel Macron a annonc\u00e9 dans la soir\u00e9e de jeudi que Paris \u00e9tait dispos\u00e9 \u00e0 apporter son soutien au Danemark <a href=\"https:\/\/www.20minutes.fr\/monde\/russie\/4175125-20250925-danemark-drones-non-identifies-nouveau-reperes-niveau-plusieurs-aeroports\" class=\"c-link c-link--is-underlined\" target=\"_blank\" rel=\"noopener\">apr\u00e8s la s\u00e9rie de survols de drones non identifi\u00e9s<\/a> qui ont perturb\u00e9 plusieurs a\u00e9roports et une base militaire danois cette semaine.<\/p>\n<p>\u00ab\u00a0Je viens de m\u2019entretenir avec la Premi\u00e8re ministre danoise, Mette Frederiksen. Je lui ai fait part de la pleine solidarit\u00e9 de la France avec le Danemark apr\u00e8s la r\u00e9p\u00e9tition d\u2019intrusions de drones non identifi\u00e9s affectant le fonctionnement de l\u2019a\u00e9roport de Copenhague\u00a0\u00bb, a \u00e9crit <a href=\"https:\/\/x.com\/EmmanuelMacron\/status\/1971322083553472611\" rel=\"nofollow\" target=\"_blank\" class=\"c-link c-link--is-underlined\">le pr\u00e9sident fran\u00e7ais sur X<\/a>. Le chef de l\u2019\u00c9tat a ajout\u00e9 que la France \u00e9tait pr\u00eate \u00e0 \u00ab\u00a0\u00e9valuer la situation et contribuer \u00e0 la s\u00e9curit\u00e9 de l\u2019espace a\u00e9rien danois\u00a0\u00bb.<\/p>\n<\/p>\n<p>Plusieurs a\u00e9roports touch\u00e9s<\/p>\n<p>Des drones ont \u00e9t\u00e9 rep\u00e9r\u00e9s <a href=\"https:\/\/www.20minutes.fr\/monde\/ukraine\/4175344-20250925-guerre-ukraine-otan-agace-bourdonnement-drones-zelensky-menace-responsables-russes\" class=\"c-link c-link--is-underlined\" target=\"_blank\" rel=\"noopener\">dans la nuit de mercredi \u00e0 jeudi<\/a> au-dessus des a\u00e9roports d\u2019Aalborg, d\u2019Esbjerg, de Sonderborg, ainsi que de la base a\u00e9rienne militaire de Skrydstrup.<\/p>\n<blockquote class=\"twitter-tweet\" align=\"center\" data-lang=\"fr_FR\">\n<p lang=\"fr\" dir=\"ltr\">Je viens de m\u2019entretenir avec la Premi\u00e8re ministre danoise, Mette Frederiksen.<\/p>\n<p>Je lui ai fait part de la pleine solidarit\u00e9 de la France avec le Danemark apr\u00e8s la r\u00e9p\u00e9tition d\u2019intrusions de drones non identifi\u00e9s affectant le fonctionnement de l\u2019a\u00e9roport de Copenhague.\u2026<\/p>\n<p>\u2014 Emmanuel Macron (@EmmanuelMacron) <a href=\"https:\/\/twitter.com\/EmmanuelMacron\/status\/1971322083553472611?ref_src=twsrc%5Etfw\" target=\"_blank\" rel=\"noopener\">September 25, 2025<\/a><\/p><\/blockquote>\n<p class=\"mb-xxl@xs color-ultramarine font-weight-semi-bold@xs font-source-serif-pro heading-s@xs\">L\u2019acc\u00e8s \u00e0 ce contenu a \u00e9t\u00e9 bloqu\u00e9 afin de respecter votre choix de consentement<\/p>\n<p class=\"mb-m@xs text-l@xs\">En cliquant sur\u00ab J\u2019accepte \u00bb, vous acceptez le d\u00e9p\u00f4t de cookies par des services externes et aurez ainsi acc\u00e8s aux contenus de nos partenaires.<\/p>\n<p class=\"mb-xl@xs text-s@xs\">Plus d\u2019informations sur la page<a href=\"https:\/\/www.20minutes.fr\/gestion-cookies\" class=\"mx-xxs@xs color-ultramarine\" target=\"_blank\" rel=\"noopener\">Politique de gestion des cookies<\/a><\/p>\n<p>J\u2019accepte<\/p>\n<p>Lundi soir, <a href=\"https:\/\/www.20minutes.fr\/monde\/ukraine\/4174637-20250923-danemark-norvege-survols-drones-non-identifies-sement-pagaille-aeroports-copenhague-oslo\" class=\"c-link c-link--is-underlined\" target=\"_blank\" rel=\"noopener\">un premier incident avait d\u00e9j\u00e0 eu lieu<\/a> \u00e0 l\u2019a\u00e9roport international de Copenhague, o\u00f9 le trafic avait \u00e9t\u00e9 bloqu\u00e9 pendant plusieurs heures \u00e0 la suite d\u2019un survol similaire. Des \u00e9v\u00e9nements se sont multipli\u00e9s en l\u2019espace de quelques jours, suscitant de vives inqui\u00e9tudes \u00e0 Copenhague.<\/p>\n<p><a href=\"https:\/\/www.20minutes.fr\/monde\/otan\/\" class=\"c-link c-btn c-btn--primary\" target=\"_blank\" rel=\"noopener\">Tous nos articles sur l&rsquo;Otan<\/a>La Russie point\u00e9e du doigt<\/p>\n<p>La Premi\u00e8re ministre danoise, Mette Frederiksen, a d\u00e9nonc\u00e9 des \u00ab\u00a0attaques hybrides\u00a0\u00bb et averti qu\u2019elles pourraient \u00ab\u00a0se multiplier\u00a0\u00bb dans les semaines \u00e0 venir. \u00ab\u00a0Il existe principalement un pays qui repr\u00e9sente une menace pour la s\u00e9curit\u00e9 de l\u2019Europe, \u00e0 savoir la Russie\u00a0\u00bb, a-t-elle affirm\u00e9. Moscou a cependant rapidement r\u00e9agi par la voix de son ambassade \u00e0 <a href=\"https:\/\/www.20minutes.fr\/dossier\/copenhague\" class=\"c-link c-link--is-underlined\" target=\"_blank\" rel=\"noopener\">Copenhague<\/a>, d\u00e9mentant \u00ab\u00a0fermement\u00a0\u00bb toute implication et d\u00e9non\u00e7ant une \u00ab\u00a0provocation orchestr\u00e9e\u00a0\u00bb.<\/p>\n<p>Plusieurs pays europ\u00e9ens ont r\u00e9cemment signal\u00e9 une recrudescence d\u2019activit\u00e9s suspectes dans leurs espaces a\u00e9riens. Le Danemark a annonc\u00e9 que des \u00e9quipes sp\u00e9cialis\u00e9es allaient \u00eatre d\u00e9ploy\u00e9es pour identifier l\u2019origine des drones et renforcer la s\u00e9curit\u00e9 autour des infrastructures strat\u00e9giques.<\/p>\n<p><script async src=\"https:\/\/platform.twitter.com\/widgets.js\" charset=\"utf-8\"><\/script><\/p>\n","protected":false},"excerpt":{"rendered":"La France se dit pr\u00eate \u00e0 intervenir pour \u00ab\u00a0contribuer \u00e0 la s\u00e9curit\u00e9\u00a0\u00bb. Emmanuel Macron a annonc\u00e9 dans la&hellip;\n","protected":false},"author":2,"featured_media":417538,"comment_status":"","ping_status":"","sticky":false,"template":"","format":"standard","meta":{"footnotes":""},"categories":[4],"tags":[47,11,16573,145,554,1073,1011,27,74,1916,12,136,4919,25,132],"class_list":{"0":"post-417537","1":"post","2":"type-post","3":"status-publish","4":"format-standard","5":"has-post-thumbnail","7":"category-france","8":"tag-actualite","9":"tag-actualites","10":"tag-copenhague","11":"tag-danemark","12":"tag-defense","13":"tag-emmanuel-macron","14":"tag-fr","15":"tag-france","16":"tag-monde","17":"tag-moscou","18":"tag-news","19":"tag-otan","20":"tag-president","21":"tag-republique-francaise","22":"tag-russie"},"share_on_mastodon":{"url":"https:\/\/pubeurope.com\/@fr\/115267307043895932","error":""},"_links":{"self":[{"href":"https:\/\/www.europesays.com\/fr\/wp-json\/wp\/v2\/posts\/417537","targetHints":{"allow":["GET"]}}],"collection":[{"href":"https:\/\/www.europesays.com\/fr\/wp-json\/wp\/v2\/posts"}],"about":[{"href":"https:\/\/www.europesays.com\/fr\/wp-json\/wp\/v2\/types\/post"}],"author":[{"embeddable":true,"href":"https:\/\/www.europesays.com\/fr\/wp-json\/wp\/v2\/users\/2"}],"replies":[{"embeddable":true,"href":"https:\/\/www.europesays.com\/fr\/wp-json\/wp\/v2\/comments?post=417537"}],"version-history":[{"count":0,"href":"https:\/\/www.europesays.com\/fr\/wp-json\/wp\/v2\/posts\/417537\/revisions"}],"wp:featuredmedia":[{"embeddable":true,"href":"https:\/\/www.europesays.com\/fr\/wp-json\/wp\/v2\/media\/417538"}],"wp:attachment":[{"href":"https:\/\/www.europesays.com\/fr\/wp-json\/wp\/v2\/media?parent=417537"}],"wp:term":[{"taxonomy":"category","embeddable":true,"href":"https:\/\/www.europesays.com\/fr\/wp-json\/wp\/v2\/categories?post=417537"},{"taxonomy":"post_tag","embeddable":true,"href":"https:\/\/www.europesays.com\/fr\/wp-json\/wp\/v2\/tags?post=417537"}],"curies":[{"name":"wp","href":"https:\/\/api.w.org\/{rel}","templated":true}]}}