{"id":417553,"date":"2025-09-25T22:41:12","date_gmt":"2025-09-25T22:41:12","guid":{"rendered":"https:\/\/www.europesays.com\/fr\/417553\/"},"modified":"2025-09-25T22:41:12","modified_gmt":"2025-09-25T22:41:12","slug":"montbard-cette-habitante-de-crepand-expose-ses-toiles-a-loffice-de-tourisme","status":"publish","type":"post","link":"https:\/\/www.europesays.com\/fr\/417553\/","title":{"rendered":"Montbard. Cette habitante de Cr\u00e9pand expose ses toiles \u00e0 l\u2019office de tourisme"},"content":{"rendered":"<p>Elle manie les pinceaux avec la m\u00eame agilit\u00e9 qu\u2019elle le faisait avec les chiffres autrefois. Ancienne comptable, aujourd\u2019hui \u00e0 la retraite, Fran\u00e7oise Bonnard, 75\u00a0ans, s\u2019est lanc\u00e9e dans la peinture sur le tard.<\/p>\n<p>\u00ab\u00a0C\u2019est un univers qui m\u2019a toujours int\u00e9ress\u00e9e mais ce n\u2019est vraiment qu\u2019\u00e0 la naissance de mon premier petit-fils que j\u2019ai eu le d\u00e9clic, car je voulais lui d\u00e9corer sa chambre\u00a0\u00bb, indique cette habitante de Cr\u00e9pand, qui raconte que c\u2019est sa rencontre avec un couple d\u2019artistes, sp\u00e9cialis\u00e9 en aquarelle et en peinture, lors de son s\u00e9jour \u00e0 Carqueiranne (Var), qui va r\u00e9ellement la pousser \u00e0 se&#8230;<\/p>\n","protected":false},"excerpt":{"rendered":"Elle manie les pinceaux avec la m\u00eame agilit\u00e9 qu\u2019elle le faisait avec les chiffres autrefois. Ancienne comptable, aujourd\u2019hui&hellip;\n","protected":false},"author":2,"featured_media":417554,"comment_status":"","ping_status":"","sticky":false,"template":"","format":"standard","meta":{"footnotes":""},"categories":[1358],"tags":[1348,1384,1385,2931,1687,1386,58,11743,59,2271,107,1011,27,11741,11742],"class_list":{"0":"post-417553","1":"post","2":"type-post","3":"status-publish","4":"format-standard","5":"has-post-thumbnail","7":"category-arts-et-design","8":"tag-arts","9":"tag-arts-and-design","10":"tag-arts-et-design","11":"tag-cote-dor","12":"tag-culture-loisirs","13":"tag-design","14":"tag-divertissement","15":"tag-edition-haute-cote-dor","16":"tag-entertainment","17":"tag-exposition-arts-plastiques","18":"tag-fil-info","19":"tag-fr","20":"tag-france","21":"tag-montbard","22":"tag-montbard-bassin"},"share_on_mastodon":{"url":"https:\/\/pubeurope.com\/@fr\/115267350331766994","error":""},"_links":{"self":[{"href":"https:\/\/www.europesays.com\/fr\/wp-json\/wp\/v2\/posts\/417553","targetHints":{"allow":["GET"]}}],"collection":[{"href":"https:\/\/www.europesays.com\/fr\/wp-json\/wp\/v2\/posts"}],"about":[{"href":"https:\/\/www.europesays.com\/fr\/wp-json\/wp\/v2\/types\/post"}],"author":[{"embeddable":true,"href":"https:\/\/www.europesays.com\/fr\/wp-json\/wp\/v2\/users\/2"}],"replies":[{"embeddable":true,"href":"https:\/\/www.europesays.com\/fr\/wp-json\/wp\/v2\/comments?post=417553"}],"version-history":[{"count":0,"href":"https:\/\/www.europesays.com\/fr\/wp-json\/wp\/v2\/posts\/417553\/revisions"}],"wp:featuredmedia":[{"embeddable":true,"href":"https:\/\/www.europesays.com\/fr\/wp-json\/wp\/v2\/media\/417554"}],"wp:attachment":[{"href":"https:\/\/www.europesays.com\/fr\/wp-json\/wp\/v2\/media?parent=417553"}],"wp:term":[{"taxonomy":"category","embeddable":true,"href":"https:\/\/www.europesays.com\/fr\/wp-json\/wp\/v2\/categories?post=417553"},{"taxonomy":"post_tag","embeddable":true,"href":"https:\/\/www.europesays.com\/fr\/wp-json\/wp\/v2\/tags?post=417553"}],"curies":[{"name":"wp","href":"https:\/\/api.w.org\/{rel}","templated":true}]}}