{"id":41756,"date":"2025-04-21T15:05:08","date_gmt":"2025-04-21T15:05:08","guid":{"rendered":"https:\/\/www.europesays.com\/fr\/41756\/"},"modified":"2025-04-21T15:05:08","modified_gmt":"2025-04-21T15:05:08","slug":"nicoletta-jean-pierre-foucault-contraint-de-lui-couper-la-parole-en-urgence","status":"publish","type":"post","link":"https:\/\/www.europesays.com\/fr\/41756\/","title":{"rendered":"Nicoletta : Jean-Pierre Foucault contraint de lui couper la parole en urgence"},"content":{"rendered":"<p>      R\u00e9sum\u00e9<\/p>\n<p>Invit\u00e9e d&rsquo;Europe 1 pour parler de ses soixante ans de carri\u00e8re, Nicoletta n&rsquo;a pas eu le temps de dire grand chose. Jean-Pierre Foucault a tout arr\u00eat\u00e9.<\/p>\n<p>        Sommaire<\/p>\n<p>\u00ab\u00a0Culture m\u00e9dias\u00a0\u00bb est, comme son nom l&rsquo;indique, <strong>l&rsquo;\u00e9mission \u00ab\u00a0m\u00e9dias\u00a0\u00bb de la radio Europe <\/strong>1. Habituellement anim\u00e9e par<strong> Thomas Isl<\/strong>e du lundi au vendredi juste apr\u00e8s la matinale, ce dernier a quitt\u00e9 la station bleue pour <strong>une semaine de cong\u00e9s<\/strong>. Toutefois, il n&rsquo;a pas laiss\u00e9 ses auditeurs, confiant les r\u00eanes de son \u00e9mission \u00e0 <a href=\"https:\/\/www.public.fr\/jean-pierre-foucault-en-deuil-la-perte-devastatrice-de-son-epouse\" target=\"_blank\" rel=\"noopener\">une figure phare des m\u00e9dias <\/a>et qui en connait tous les rouages. Il s&rsquo;agit de <strong>Jean-Pierre Foucault<\/strong>. Ainsi, ce 21 avril, <a href=\"https:\/\/www.public.fr\/denis-brogniart-jean-pierre-foucault-helene-mannarino-laccident-industriel-se-poursuit\" target=\"_blank\" rel=\"noopener\">le journaliste de 77 ans<\/a> pr\u00e9sentait-il <strong>son premier rendez-vous<\/strong> de la semaine et il ne s&rsquo;attendait sans doute pas \u00e0 vivre un tel chamboulement.<\/p>\n<p>Apr\u00e8s avoir d\u00e9voil\u00e9 sans encombre le programme de sa premi\u00e8re, <a href=\"https:\/\/www.public.fr\/jean-pierre-foucault-apres-lechec-de-gladiators-il-reconnait-setre-plante\" target=\"_blank\" rel=\"noopener\">l&rsquo;animateur de \u00ab\u00a0Qui veut gagner des millions ?\u00a0\u00bb<\/a> a donn\u00e9 la parole \u00e0 Jean-Luc Lemoine pour sa chronique humoristique. Puis, dans la foul\u00e9e, il a pu \u00e9changer avec <strong>son invit\u00e9 ; \u00e0 savoir Pascal Bataille<\/strong>. <a href=\"https:\/\/www.public.fr\/on-ma-enleve-un-morceau-de-poumon-pascal-bataille-annonce-etre-en-remission\" target=\"_blank\" rel=\"noopener\">L&rsquo;acolyte de Laurent Fontaine <\/a>est venu en studio parler de son livre Petit trait\u00e9 du silence \u00e0 l\u2019usage des gens bruyants publi\u00e9 aux \u00e9ditions Guy Tr\u00e9daniel. L&rsquo;occasion aussi pour lui d&rsquo;\u00e9voquer <strong>la suppression de C8<\/strong> et <strong>son arriv\u00e9e <\/strong>sur W9 \u00e0 la rentr\u00e9e.<\/p>\n<p>Enfin (car oui&#8230; la fin approche, NDLR), Jean-Pierre Foucault a propos\u00e9 aux auditeurs <strong>le \u00ab\u00a0Journal des m\u00e9dias\u00a0\u00bb<\/strong>. L&rsquo;occasion notamment de faire le point sur les audiences TV du week-end et de d\u00e9couvrir les derni\u00e8res infos m\u00e9dias. Derni\u00e8re chronique de l&rsquo;\u00e9mission avant les informations de 10 heures et <strong>l&rsquo;arriv\u00e9e en studio de Nicoletta<\/strong>. <a href=\"https:\/\/www.public.fr\/cest-tres-malpoli-nicoletta-vient-elle-dassener-une-enorme-tacle-a-sylvie-vartan\" target=\"_blank\" rel=\"noopener\">La chanteuse de 81 ans<\/a> qui pensait \u00e9voquer en long en large et en travers <strong>sa prochaine tourn\u00e9e mais&#8230; Tout ne s&rsquo;est pas pass\u00e9 comme pr\u00e9vu !<\/strong><\/p>\n<p><strong>Il est 9h58 lorsque Europe 1 annonce <a href=\"https:\/\/www.google.com\/url?sa=t&amp;source=web&amp;rct=j&amp;opi=89978449&amp;url=https:\/\/vsd.fr\/79044-le-pape-francois-est-decede\/&amp;ved=2ahUKEwjbvoTWjumMAxUmVKQEHdKOGdkQFnoECBgQAQ&amp;usg=AOvVaw0WzhpFzc-mbosJ6zJH7m3L\" target=\"_blank\" rel=\"noopener\">la mort du pape Fran\u00e7ois<\/a><\/strong> mais sans en dire plus sur la pr\u00e9sence en studio de <a href=\"https:\/\/www.google.com\/url?sa=t&amp;source=web&amp;rct=j&amp;opi=89978449&amp;url=https:\/\/vsd.fr\/1046-nicoletta\/&amp;ved=2ahUKEwjWxdTrjumMAxWtRKQEHfGjCBYQFnoECB4QAQ&amp;usg=AOvVaw2fLD9PsMROfObsam_dZ1sT\" target=\"_blank\" rel=\"noopener\">l&rsquo;artiste<\/a>. Sur Europe 1, le podcast s&rsquo;arr\u00eate l\u00e0 mais, dans les faits, Jean-Pierre Foucault a bien repris la parole pour dire : \u00ab\u00a0Le d\u00e9c\u00e8s du pape Fran\u00e7ois, au lendemain m\u00eame de sa derni\u00e8re b\u00e9n\u00e9diction \u201curbi et orbi\u201d au Vatican&#8230; Donc, <strong>\u00e9dition sp\u00e9ciale sur Europe 1, vous vous en doutez<\/strong>\u00a0\u00bb a-t-il lanc\u00e9 aux auditeurs avant de s&rsquo;adresser \u00e0 son invit\u00e9e : \u00ab\u00a0<strong>Pardon, pardon mais l\u2019information est tomb\u00e9e<\/strong>, notre \u00e9mission est bien \u00e9videmment boulevers\u00e9e\u00a0\u00bb.<\/p>\n<p>Venue pour \u00e9voquer <strong>ses soixante ans de carri\u00e8re <\/strong>et son amour pour le gospel, <a href=\"https:\/\/www.google.com\/url?sa=t&amp;source=web&amp;rct=j&amp;opi=89978449&amp;url=https:\/\/vsd.fr\/61280-jai-fait-une-experience-de-mort-rapprochee-la-terrible-revelation-de-nicoletta\/&amp;ved=2ahUKEwjWxdTrjumMAxWtRKQEHfGjCBYQFnoECBYQAQ&amp;usg=AOvVaw2GZZJ1vScgkSAD8JXaEBtR\" target=\"_blank\" rel=\"noopener\">l&rsquo;interpr\u00e8te d&rsquo;Il est mort le soleil<\/a> a imm\u00e9diatement r\u00e9agi \u00e0 la nouvelle, elle qui <strong>se produit r\u00e9guli\u00e8rement dans des \u00e9glises<\/strong> : \u00ab\u00a0Mais bien s\u00fbr, c\u2019est normal, c\u2019est normal. <strong>Je suis chr\u00e9tienne, et je compatis compl\u00e8tement<\/strong>\u00ab\u00a0, a-t-elle conclu g\u00e9n\u00e9reusement. C&rsquo;est alors que la r\u00e9daction a repris la main sur l&rsquo;antenne et a donn\u00e9 la parole \u00e0 Fr\u00e9d\u00e9ric Michel, envoy\u00e9 sp\u00e9cial d\u2019Europe 1 \u00e0 Rome. <\/p>\n<p>      Mentionn\u00e9s dans cet article<\/p>\n<p>\u00c0 lire aussi<\/p>\n","protected":false},"excerpt":{"rendered":"R\u00e9sum\u00e9 Invit\u00e9e d&rsquo;Europe 1 pour parler de ses soixante ans de carri\u00e8re, Nicoletta n&rsquo;a pas eu le temps&hellip;\n","protected":false},"author":2,"featured_media":41757,"comment_status":"","ping_status":"","sticky":false,"template":"","format":"standard","meta":{"footnotes":""},"categories":[1359],"tags":[58,59,1473,1011,27,9917,18,12721,12672,4692,973,3499,4193],"class_list":{"0":"post-41756","1":"post","2":"type-post","3":"status-publish","4":"format-standard","5":"has-post-thumbnail","7":"category-people","8":"tag-divertissement","9":"tag-entertainment","10":"tag-europe-1","11":"tag-fr","12":"tag-france","13":"tag-jean-pierre-foucault","14":"tag-mort","15":"tag-nicoletta","16":"tag-pape","17":"tag-pape-francois","18":"tag-people","19":"tag-rome","20":"tag-vatican"},"share_on_mastodon":{"url":"https:\/\/pubeurope.com\/@fr\/114376574444685379","error":""},"_links":{"self":[{"href":"https:\/\/www.europesays.com\/fr\/wp-json\/wp\/v2\/posts\/41756","targetHints":{"allow":["GET"]}}],"collection":[{"href":"https:\/\/www.europesays.com\/fr\/wp-json\/wp\/v2\/posts"}],"about":[{"href":"https:\/\/www.europesays.com\/fr\/wp-json\/wp\/v2\/types\/post"}],"author":[{"embeddable":true,"href":"https:\/\/www.europesays.com\/fr\/wp-json\/wp\/v2\/users\/2"}],"replies":[{"embeddable":true,"href":"https:\/\/www.europesays.com\/fr\/wp-json\/wp\/v2\/comments?post=41756"}],"version-history":[{"count":0,"href":"https:\/\/www.europesays.com\/fr\/wp-json\/wp\/v2\/posts\/41756\/revisions"}],"wp:featuredmedia":[{"embeddable":true,"href":"https:\/\/www.europesays.com\/fr\/wp-json\/wp\/v2\/media\/41757"}],"wp:attachment":[{"href":"https:\/\/www.europesays.com\/fr\/wp-json\/wp\/v2\/media?parent=41756"}],"wp:term":[{"taxonomy":"category","embeddable":true,"href":"https:\/\/www.europesays.com\/fr\/wp-json\/wp\/v2\/categories?post=41756"},{"taxonomy":"post_tag","embeddable":true,"href":"https:\/\/www.europesays.com\/fr\/wp-json\/wp\/v2\/tags?post=41756"}],"curies":[{"name":"wp","href":"https:\/\/api.w.org\/{rel}","templated":true}]}}