{"id":417603,"date":"2025-09-25T23:11:20","date_gmt":"2025-09-25T23:11:20","guid":{"rendered":"https:\/\/www.europesays.com\/fr\/417603\/"},"modified":"2025-09-25T23:11:20","modified_gmt":"2025-09-25T23:11:20","slug":"le-festival-cineroman-2025-de-nice","status":"publish","type":"post","link":"https:\/\/www.europesays.com\/fr\/417603\/","title":{"rendered":"Le Festival Cin\u00e9roman 2025 de Nice"},"content":{"rendered":"<p>La 7e \u00e9dition du Festival Cin\u00e9roman de Nice se d\u00e9roule du 29 septembre au 4 octobre 2025 au Path\u00e9 Cin\u00e9ma Gare du Sud de Nice. <br \/><strong>CIN\u00c9ROMAN NICE 2025<\/strong> &#8211; Imagin\u00e9 et port\u00e9 par Nathalie et Daniel Benoin, Cin\u00e9roman met \u00e0 l\u2019honneur les liens entre litt\u00e9rature et cin\u00e9ma en c\u00e9l\u00e9brant les adaptations de romans \u00e0 l\u2019\u00e9cran. Au programme, une s\u00e9lection de films en comp\u00e9tition jug\u00e9s par un jury pr\u00e9sid\u00e9 par l\u2019actrice Sandrine Kiberlain, de nombreux films en avant-premi\u00e8re projet\u00e9s au Path\u00e9 Cin\u00e9ma Gare du Sud de Nice et des rencontres, masterclasses, d\u00e9bats et lectures au Th\u00e9\u00e2tre de l\u2019Artistique. Adapter un roman \u00e0 l\u2019\u00e9cran offre une visibilit\u00e9 \u00e0 un ouvrage et \u00e0 son auteur, mais l\u2019adaptation propose une vision nouvelle de l\u2019\u0153uvre, celle du sc\u00e9nariste et du r\u00e9alisateur. Le film peut alors engager le spectateur \u00e0 lire ou relire le roman ayant inspir\u00e9 le film. Cin\u00e9roman c\u00e9l\u00e8bre litt\u00e9rature et cin\u00e9ma.<\/p>\n<p>\u00a0<\/p>\n<p>\u00a0<\/p>\n<p><strong>Festival Cin\u00e9roman<br \/>Du 29 septembre au 4 octobre 2025 <br \/>Path\u00e9 Cin\u00e9ma Gare du Sud de Nice<\/strong><br \/>Programme et r\u00e9servations : <a href=\"https:\/\/festival-cineroman.com\/\" rel=\"nofollow noopener\" target=\"_blank\">https:\/\/festival-cineroman.com\/<\/a><\/p>\n<p>Lectures, rencontres, d\u00e9bats et masterclass avec des artistes, r\u00e9alisateurs, acteurs et sc\u00e9naristes<br \/>L\u2019Artistique<br \/>27 boulevard Dubouchage &#8211; 06000 Nice<br \/>Programme : <a href=\"https:\/\/www.nice.fr\/lieux\/lartistique-centre-darts-et-de-culture\/#agenda\" rel=\"nofollow noopener\" target=\"_blank\">https:\/\/www.nice.fr\/lieux\/lartistique-centre-darts-et-de-culture\/#agenda<\/a><\/p>\n<p>Copyright \u00a92025 NRV Nice Rendezvous. Tous droits r\u00e9serv\u00e9s. <br \/>@ actualites_nrv #Nice06<br \/><a href=\"https:\/\/www.instagram.com\/nice_rendezvous\/\" rel=\"nofollow noopener\" target=\"_blank\">https:\/\/www.instagram.com\/nice_rendezvous\/<\/a><br \/><a href=\"https:\/\/www.threads.com\/\" rel=\"nofollow noopener\" target=\"_blank\">https:\/\/www.threads.com\/<\/a>@nice_rendezvous<br \/><a href=\"https:\/\/bsky.app\/profile\/nicerendezvous.bsky.social\" rel=\"nofollow noopener\" target=\"_blank\">https:\/\/bsky.app\/profile\/nicerendezvous.bsky.social<\/a><\/p>\n<p><img loading=\"lazy\" decoding=\"async\" style=\"margin-right: 20px; margin-bottom: 2px; float: left;\" alt=\"logo-nicerendezvous\" src=\"https:\/\/www.europesays.com\/fr\/wp-content\/uploads\/2025\/04\/logo-nrdv.jpg\" height=\"40\" width=\"40\"\/>Toutes les actualit\u00e9s les plus r\u00e9centes de <strong>NRV<\/strong>, <strong>NiceRendezVous<\/strong>, le site de rencontre avec les \u00e9v\u00e9nements, la culture et l&rsquo;histoire de <strong>Nice, de la C\u00f4te d&rsquo;Azur et de la Principaut\u00e9 de Monaco<\/strong>, sont pr\u00e9sent\u00e9es<a target=\"_blank\" title=\"Les actus r\u00e9centes de Nice-RendezVous sur Google actualit\u00e9s\" href=\"http:\/\/news.google.fr\/news\/search?pz=1&amp;cf=i&amp;ned=fr&amp;hl=fr&amp;q=site%3Anicerendezvous.com&amp;scoring=n&amp;ict=ln\" rel=\"nofollow noopener\"> ici par <strong>Google actualit\u00e9<\/strong><\/a><\/p>\n<p id=\"slidetag\">\u00a0<\/p>\n<p><script async src=\"\/\/www.instagram.com\/embed.js\"><\/script><\/p>\n","protected":false},"excerpt":{"rendered":"La 7e \u00e9dition du Festival Cin\u00e9roman de Nice se d\u00e9roule du 29 septembre au 4 octobre 2025 au&hellip;\n","protected":false},"author":2,"featured_media":9501,"comment_status":"","ping_status":"","sticky":false,"template":"","format":"standard","meta":{"footnotes":""},"categories":[2819],"tags":[17,1111,11,54723,1777,674,849,1011,27,12,2401,882,25],"class_list":{"0":"post-417603","1":"post","2":"type-post","3":"status-publish","4":"format-standard","5":"has-post-thumbnail","7":"category-nice","8":"tag-17","9":"tag-actu","10":"tag-actualites","11":"tag-cineroman","12":"tag-eu","13":"tag-europe","14":"tag-festival","15":"tag-fr","16":"tag-france","17":"tag-news","18":"tag-nice","19":"tag-provence-alpes-cote-dazur","20":"tag-republique-francaise"},"share_on_mastodon":{"url":"https:\/\/pubeurope.com\/@fr\/115267468438123184","error":""},"_links":{"self":[{"href":"https:\/\/www.europesays.com\/fr\/wp-json\/wp\/v2\/posts\/417603","targetHints":{"allow":["GET"]}}],"collection":[{"href":"https:\/\/www.europesays.com\/fr\/wp-json\/wp\/v2\/posts"}],"about":[{"href":"https:\/\/www.europesays.com\/fr\/wp-json\/wp\/v2\/types\/post"}],"author":[{"embeddable":true,"href":"https:\/\/www.europesays.com\/fr\/wp-json\/wp\/v2\/users\/2"}],"replies":[{"embeddable":true,"href":"https:\/\/www.europesays.com\/fr\/wp-json\/wp\/v2\/comments?post=417603"}],"version-history":[{"count":0,"href":"https:\/\/www.europesays.com\/fr\/wp-json\/wp\/v2\/posts\/417603\/revisions"}],"wp:featuredmedia":[{"embeddable":true,"href":"https:\/\/www.europesays.com\/fr\/wp-json\/wp\/v2\/media\/9501"}],"wp:attachment":[{"href":"https:\/\/www.europesays.com\/fr\/wp-json\/wp\/v2\/media?parent=417603"}],"wp:term":[{"taxonomy":"category","embeddable":true,"href":"https:\/\/www.europesays.com\/fr\/wp-json\/wp\/v2\/categories?post=417603"},{"taxonomy":"post_tag","embeddable":true,"href":"https:\/\/www.europesays.com\/fr\/wp-json\/wp\/v2\/tags?post=417603"}],"curies":[{"name":"wp","href":"https:\/\/api.w.org\/{rel}","templated":true}]}}