{"id":417606,"date":"2025-09-25T23:14:20","date_gmt":"2025-09-25T23:14:20","guid":{"rendered":"https:\/\/www.europesays.com\/fr\/417606\/"},"modified":"2025-09-25T23:14:20","modified_gmt":"2025-09-25T23:14:20","slug":"a-la-folle-journee-la-mise-en-retrait-du-directeur-artistique-rene-martin","status":"publish","type":"post","link":"https:\/\/www.europesays.com\/fr\/417606\/","title":{"rendered":"\u00c0 la Folle journ\u00e9e, la \u00ab\u00a0mise en retrait\u00a0\u00bb du directeur artistique Ren\u00e9 Martin"},"content":{"rendered":"<p><strong>\u00ab\u00a0Ren\u00e9 Martin se met en retrait. Une absolue n\u00e9cessit\u00e9. Quand il est question de violences sexistes et sexuelles on ne peut transiger.\u00a0\u00bb<\/strong> Une semaine apr\u00e8s<a href=\"https:\/\/www.mediacites.fr\/complement-denquete\/nantes\/2025\/09\/24\/affaire-rene-martin-un-audit-commande-elus-et-festivals-embarrasses\/\" target=\"_self\" rel=\"noopener\"> les r\u00e9v\u00e9lations de M\u00e9diacit\u00e9s et de La Lettre du musicien,<\/a> confirm\u00e9es par <a href=\"https:\/\/nantes.maville.com\/actu\/actudet_-humiliations-ambiance-de-travail-sexualisee...-le-patron-de-la-folle-journee-dans-la-tourmente-_52716-6983972_actu.Htm\" target=\"_self\" rel=\"noopener\">les t\u00e9moignages recueillis par Ouest-France,<\/a> sur le\u00a0management toxique et l\u2019ambiance de travail hypersexualis\u00e9e au sein du Cr\u00e9a, la structure cr\u00e9\u00e9e par Ren\u00e9 Martin pour assurer la direction artistique de festivals de musique classique en France, Johanna Rolland r\u00e9agit sur X. La maire de Nantes et pr\u00e9sidente de la M\u00e9tropole, collectivit\u00e9 qui subventionne la Folle journ\u00e9e de Nantes \u00e0 hauteur de 1,1\u00a0million d\u2019euros par an, poursuit\u00a0: <strong>\u00ab\u00a0Je veux un audit rapide, une \u00e9coute ind\u00e9pendante. Toutes les cons\u00e9quences en seront tir\u00e9es.\u00a0\u00bb<\/strong><\/p>\n<p>Un audit au Cr\u00e9a \u00e0 partir du 29\u00a0septembre<\/p>\n<p>Dans un premier temps, vendredi 19\u00a0septembre, la Ville s\u2019\u00e9tait content\u00e9e de communiquer sur l\u2019audit mandat\u00e9<strong> \u00ab\u00a0sur le climat social et le bien-\u00eatre au travail\u00a0\u00bb<\/strong> au sein du Cr\u00e9a, apr\u00e8s <strong>\u00ab\u00a0le choc provoqu\u00e9 aupr\u00e8s des \u00e9quipes par des accusations port\u00e9es par d\u2019anciennes salari\u00e9es\u00a0\u00bb<\/strong>. Cet audit d\u00e9marrera lundi 29\u00a0septembre. Le nom du cabinet en charge a \u00e9t\u00e9 transmis \u00e0 Nantes m\u00e9tropole. Ren\u00e9 Martin se met donc en retrait du Cr\u00e9a <strong>\u00ab\u00a0le temps de cet audit\u00a0\u00bb,<\/strong> s\u2019est-on fait confirmer aupr\u00e8s de la structure.<\/p>\n<p>(1) Ouest-France a recueilli les t\u00e9moignages de salari\u00e9es faisant toujours partie de l\u2019effectif de cette structure de 12\u00a0personnes bas\u00e9e \u00e0 Nantes.<\/p>\n<p>\u00a0<\/p>\n","protected":false},"excerpt":{"rendered":"\u00ab\u00a0Ren\u00e9 Martin se met en retrait. Une absolue n\u00e9cessit\u00e9. Quand il est question de violences sexistes et sexuelles&hellip;\n","protected":false},"author":2,"featured_media":417607,"comment_status":"","ping_status":"","sticky":false,"template":"","format":"standard","meta":{"footnotes":""},"categories":[2818],"tags":[1111,11,29354,7889,1777,674,14898,1011,27,3465,4268,6352,766,12,2636,47643,25,29622],"class_list":{"0":"post-417606","1":"post","2":"type-post","3":"status-publish","4":"format-standard","5":"has-post-thumbnail","7":"category-nantes","8":"tag-actu","9":"tag-actualites","10":"tag-artistique","11":"tag-directeur","12":"tag-eu","13":"tag-europe","14":"tag-folle","15":"tag-fr","16":"tag-france","17":"tag-journee","18":"tag-martin","19":"tag-mise","20":"tag-nantes","21":"tag-news","22":"tag-pays-de-la-loire","23":"tag-rene","24":"tag-republique-francaise","25":"tag-retrait"},"share_on_mastodon":{"url":"https:\/\/pubeurope.com\/@fr\/115267479992842845","error":""},"_links":{"self":[{"href":"https:\/\/www.europesays.com\/fr\/wp-json\/wp\/v2\/posts\/417606","targetHints":{"allow":["GET"]}}],"collection":[{"href":"https:\/\/www.europesays.com\/fr\/wp-json\/wp\/v2\/posts"}],"about":[{"href":"https:\/\/www.europesays.com\/fr\/wp-json\/wp\/v2\/types\/post"}],"author":[{"embeddable":true,"href":"https:\/\/www.europesays.com\/fr\/wp-json\/wp\/v2\/users\/2"}],"replies":[{"embeddable":true,"href":"https:\/\/www.europesays.com\/fr\/wp-json\/wp\/v2\/comments?post=417606"}],"version-history":[{"count":0,"href":"https:\/\/www.europesays.com\/fr\/wp-json\/wp\/v2\/posts\/417606\/revisions"}],"wp:featuredmedia":[{"embeddable":true,"href":"https:\/\/www.europesays.com\/fr\/wp-json\/wp\/v2\/media\/417607"}],"wp:attachment":[{"href":"https:\/\/www.europesays.com\/fr\/wp-json\/wp\/v2\/media?parent=417606"}],"wp:term":[{"taxonomy":"category","embeddable":true,"href":"https:\/\/www.europesays.com\/fr\/wp-json\/wp\/v2\/categories?post=417606"},{"taxonomy":"post_tag","embeddable":true,"href":"https:\/\/www.europesays.com\/fr\/wp-json\/wp\/v2\/tags?post=417606"}],"curies":[{"name":"wp","href":"https:\/\/api.w.org\/{rel}","templated":true}]}}