{"id":417610,"date":"2025-09-25T23:16:15","date_gmt":"2025-09-25T23:16:15","guid":{"rendered":"https:\/\/www.europesays.com\/fr\/417610\/"},"modified":"2025-09-25T23:16:15","modified_gmt":"2025-09-25T23:16:15","slug":"la-citecirque-de-begles-ouvre-sa-nouvelle-saison-culturelle","status":"publish","type":"post","link":"https:\/\/www.europesays.com\/fr\/417610\/","title":{"rendered":"La Cit\u00e9Cirque de B\u00e8gles ouvre sa nouvelle saison culturelle"},"content":{"rendered":"<p>La <a href=\"https:\/\/www.mairie-begles.fr\/decouvrir-et-sortir\/lieux-culturels\/la-cite-cirque\/\" target=\"_blank\" rel=\"noreferrer noopener nofollow\">Cit\u00e9Cirque<\/a> de <a href=\"https:\/\/www.google.com\/search?q=B%C3%A8gles&amp;client=safari&amp;sca_esv=2e3a0442facbf014&amp;channel=iphone_bm&amp;sxsrf=AE3TifOEfiA8u1Mk3kplKTVbQGr39ZAoYQ%3A1758810331427&amp;ei=21DVaJjfGaTVkdUPtJCI2AI&amp;ved=0ahUKEwjYuKCIj_SPAxWkaqQEHTQIAisQ4dUDCBA&amp;uact=5&amp;oq=B%C3%A8gles&amp;gs_lp=Egxnd3Mtd2l6LXNlcnAiB0LDqGdsZXMyERAuGIAEGMcBGMsBGI4FGK8BMhEQLhiABBjHARjLARiOBRivATIIEAAYgAQYywEyERAuGIAEGMcBGMsBGI4FGK8BMggQABiABBjLATIIEC4YgAQYywEyCBAAGIAEGMsBMggQABiABBjLATIIEAAYgAQYywEyCBAAGIAEGMsBMiAQLhiABBjHARjLARiOBRivARiXBRjcBBjeBBjgBNgBAUjDA1DyAVjyAXABeACQAQCYAXWgAXWqAQMwLjG4AQPIAQD4AQH4AQKYAgKgApQBqAIQwgIHECMYJxjqAsICDRAjGPAFGCcYyQIY6gLCAhQQABiABBiRAhi0AhiKBRjqAtgBAcICHRAuGIAEGJECGNEDGLQCGMcBGMgDGIoFGOoC2AEBwgIXEC4YgAQYkQIYtAIYyAMYigUY6gLYAQGYAw3xBQjVwlZ_HuVNugYGCAEQARgBkgcDMS4xoAfrEbIHAzAuMbgHhwHCBwMzLTLIBxg&amp;sclient=gws-wiz-serp\" target=\"_blank\" rel=\"noreferrer noopener nofollow\">B\u00e8gles<\/a> vient de lancer sa nouvelle saison culturelle, promettant aux spectateurs une s\u00e9rie d\u2019\u00e9v\u00e9nements vari\u00e9s et originaux. Cirque, th\u00e9\u00e2tre, musique, balades \u00e0 v\u00e9lo, ateliers pratiques ou visites street art\u2026 la programmation 2025-2026 mise sur la diversit\u00e9 et la cr\u00e9ativit\u00e9 pour s\u00e9duire tous les publics.<\/p>\n<p style=\"font-size:16px\"><strong>Au c\u0153ur de cette saison<\/strong>, plusieurs th\u00e9matiques fortes guideront la programmation : <strong>la nature, le rapport au vivant, la pr\u00e9servation de l\u2019environnement et la solidarit\u00e9.<\/strong> Chaque spectacle et chaque activit\u00e9 ont \u00e9t\u00e9 con\u00e7us avec le soutien de partenaires institutionnels et associatifs fid\u00e8les \u00e0 la <strong>Cit\u00e9Cirque<\/strong>, permettant ainsi de conjuguer qualit\u00e9 artistique et engagement citoyen.<\/p>\n<p><img fetchpriority=\"high\" decoding=\"async\" width=\"1024\" height=\"683\" src=\"https:\/\/www.bougerabordeaux.com\/wp-content\/uploads\/2025\/09\/CRANS_SEL_RAPIDE_SEL_RAPIDE_31-1024x683.webp\" alt=\"\" class=\"wp-image-84114\"  \/>Les acrobates du collectif XY offrent des port\u00e9s po\u00e9tiques et spectaculaires au plus pr\u00e8s du public, pour une exp\u00e9rience unique \u00e0 la Cit\u00e9Cirque.\u00a9Collectif XY<\/p>\n<p style=\"font-size:16px\">Le coup d\u2019envoi se fera dans le <strong>cadre du Festival des arts de Bordeaux<\/strong>, <strong>du 26 septembre au 5 octobre. <\/strong>Le public pourra notamment d\u00e9couvrir <strong>\u00ab\u202fPoste restante, escales sur la ligne\u202f\u00bb<\/strong>, derni\u00e8re cr\u00e9ation de la <strong>sc\u00e9nographe bordelaise L\u00e9na d\u2019Azy,<\/strong> retra\u00e7ant l\u2019histoire fascinante de <strong>l\u2019A\u00e9ropostale, au Chapit\u00f4.<\/strong> La saison se poursuivra avec <strong>\u00ab\u202fLes Voyages\u202f\u00bb<\/strong>, un projet ambitieux du <strong><a href=\"https:\/\/www.collectifxy.com\" target=\"_blank\" rel=\"noreferrer noopener nofollow\">collectif XY<\/a><\/strong>\u202f: <strong>18 acrobates proposeront des port\u00e9s po\u00e9tiques et spectaculaires, <\/strong>au plus pr\u00e8s du public, offrant des moments d\u2019\u00e9motion et de proximit\u00e9 rares.<\/p>\n<p style=\"font-size:16px\">La Cit\u00e9Cirque <strong>accorde \u00e9galement une attention particuli\u00e8re \u00e0 l\u2019accessibilit\u00e9.<\/strong> Depuis <strong>deux ans<\/strong>, elle a engag\u00e9 une r\u00e9flexion pour <strong>permettre aux personnes en situation de handicap de profiter pleinement des spectacles.<\/strong> Cette saison, un partenariat avec <strong>l\u2019<a href=\"https:\/\/culturehorslimites.fr\" target=\"_blank\" rel=\"noreferrer noopener nofollow\">Association Culture Hors Limites<\/a> <\/strong>sera reconduit\u202f: les personnes porteuses d\u2019un handicap pourront <strong>\u00eatre accompagn\u00e9es par un b\u00e9n\u00e9vole lors des repr\u00e9sentations. <\/strong>De plus, le livret de la saison a \u00e9t\u00e9 enrichi de pictogrammes pour faciliter l\u2019orientation et l\u2019information des spectateurs concern\u00e9s.<\/p>\n<p><img loading=\"lazy\" decoding=\"async\" width=\"1024\" height=\"684\" src=\"https:\/\/www.bougerabordeaux.com\/wp-content\/uploads\/2025\/09\/Mobius-Cie-XY-\u00a9-Cholette-Lefebure-1024x684.webp\" alt=\"\" class=\"wp-image-84115\"  \/>La Cit\u00e9Cirque de B\u00e8gles accueille une nouvelle saison culturelle m\u00ealant cirque, th\u00e9\u00e2tre, musique et ateliers participatifs pour tous les \u00e2ges.\u00a9Collectif XY<\/p>\n<p style=\"font-size:16px\">Avec cette nouvelle saison, <strong>la Cit\u00e9Cirque<\/strong> confirme son <strong>statut de lieu culturel incontournable \u00e0 B\u00e8gles\u202f:<\/strong> un espace vivant, inclusif et surprenant, o\u00f9 l\u2019art se m\u00eale \u00e0 la r\u00e9flexion sur le monde et \u00e0 la rencontre avec tous les publics. <\/p>\n<p style=\"font-size:16px\">Que ce soit pour d\u00e9couvrir des spectacles acrobatiques, participer \u00e0 des ateliers ou simplement fl\u00e2ner et s\u2019\u00e9merveiller, la Cit\u00e9Cirque promet une exp\u00e9rience unique pour petits et grands.<\/p>\n<p style=\"font-size:16px\">\u00c0 lire aussi :<a href=\"https:\/\/www.bougerabordeaux.com\/actu\/master-game-revient-a-bordeaux-avec-des-invites-de-legende\/\" target=\"_blank\" rel=\"noreferrer noopener nofollow\"> Master Game revient \u00e0 Bordeaux avec des invit\u00e9s de l\u00e9gende !<\/a><\/p>\n","protected":false},"excerpt":{"rendered":"La Cit\u00e9Cirque de B\u00e8gles vient de lancer sa nouvelle saison culturelle, promettant aux spectateurs une s\u00e9rie d\u2019\u00e9v\u00e9nements vari\u00e9s&hellip;\n","protected":false},"author":2,"featured_media":417611,"comment_status":"","ping_status":"","sticky":false,"template":"","format":"standard","meta":{"footnotes":""},"categories":[2817],"tags":[1111,11,1997,1777,674,1011,27,12,2219,25],"class_list":{"0":"post-417610","1":"post","2":"type-post","3":"status-publish","4":"format-standard","5":"has-post-thumbnail","7":"category-bordeaux","8":"tag-actu","9":"tag-actualites","10":"tag-bordeaux","11":"tag-eu","12":"tag-europe","13":"tag-fr","14":"tag-france","15":"tag-news","16":"tag-nouvelle-aquitaine","17":"tag-republique-francaise"},"share_on_mastodon":{"url":"https:\/\/pubeurope.com\/@fr\/115267488472791463","error":""},"_links":{"self":[{"href":"https:\/\/www.europesays.com\/fr\/wp-json\/wp\/v2\/posts\/417610","targetHints":{"allow":["GET"]}}],"collection":[{"href":"https:\/\/www.europesays.com\/fr\/wp-json\/wp\/v2\/posts"}],"about":[{"href":"https:\/\/www.europesays.com\/fr\/wp-json\/wp\/v2\/types\/post"}],"author":[{"embeddable":true,"href":"https:\/\/www.europesays.com\/fr\/wp-json\/wp\/v2\/users\/2"}],"replies":[{"embeddable":true,"href":"https:\/\/www.europesays.com\/fr\/wp-json\/wp\/v2\/comments?post=417610"}],"version-history":[{"count":0,"href":"https:\/\/www.europesays.com\/fr\/wp-json\/wp\/v2\/posts\/417610\/revisions"}],"wp:featuredmedia":[{"embeddable":true,"href":"https:\/\/www.europesays.com\/fr\/wp-json\/wp\/v2\/media\/417611"}],"wp:attachment":[{"href":"https:\/\/www.europesays.com\/fr\/wp-json\/wp\/v2\/media?parent=417610"}],"wp:term":[{"taxonomy":"category","embeddable":true,"href":"https:\/\/www.europesays.com\/fr\/wp-json\/wp\/v2\/categories?post=417610"},{"taxonomy":"post_tag","embeddable":true,"href":"https:\/\/www.europesays.com\/fr\/wp-json\/wp\/v2\/tags?post=417610"}],"curies":[{"name":"wp","href":"https:\/\/api.w.org\/{rel}","templated":true}]}}