{"id":417630,"date":"2025-09-25T23:34:12","date_gmt":"2025-09-25T23:34:12","guid":{"rendered":"https:\/\/www.europesays.com\/fr\/417630\/"},"modified":"2025-09-25T23:34:12","modified_gmt":"2025-09-25T23:34:12","slug":"jetais-tellement-inquiete-le-soulagement-de-la-mere-de-ladolescente-de-12-ans-enlevee-dans-lorne-puis-retrouvee","status":"publish","type":"post","link":"https:\/\/www.europesays.com\/fr\/417630\/","title":{"rendered":"\u00ab\u00a0J\u2019\u00e9tais tellement inqui\u00e8te\u00a0\u00bb\u00a0: le soulagement de la m\u00e8re de l\u2019adolescente de 12\u00a0ans enlev\u00e9e dans l\u2019Orne puis retrouv\u00e9e"},"content":{"rendered":"<p class=\"paragraph text_align_left lp-f-body-02\">Pr\u00e8s de 20\u00a0heures d\u2019angoisse pour ses proches. <a href=\"https:\/\/www.leparisien.fr\/faits-divers\/alerte-enlevement-une-adolescente-de-12-ans-disparue-dans-lorne-un-homme-recherche-25-09-2025-KWTUSPMTOZBZLMYF2XULQCJEXY.php\" rel=\"nofollow noopener\" target=\"_blank\">Lucie, 12\u00a0ans,<\/a> a disparu mercredi soir de son domicile de Dompierre (<a href=\"https:\/\/www.leparisien.fr\/faits-divers\/orne-un-chateau-classe-detruit-aux-deux-tiers-par-un-incendie-jusqua-70-pompiers-mobilises-25-09-2025-4RFWOY3ZJNBHBCZLQEQ43JVCVQ.php\" rel=\"nofollow noopener\" target=\"_blank\">Orne<\/a>), avant d\u2019\u00eatre retrouv\u00e9e ce jeudi en fin d\u2019apr\u00e8s-midi, avec un ami de son p\u00e8re \u00e2g\u00e9 de 34\u00a0ans, \u00e0 Montbert (Loire-Atlantique).<\/p>\n<p class=\"paragraph text_align_left lp-f-body-02\">Une journ\u00e9e interminable pour sa maman. \u00ab\u00a0J\u2019\u00e9tais tellement inqui\u00e8te. La pression redescend un peu, mais je veux qu\u2019elle soit l\u00e0 (\u2026) J\u2019ai envie de lui dire que je l\u2019aime\u00a0\u00bb, a d\u00e9clar\u00e9 \u00e9mue ce soir Ang\u00e9lique, sur le pas de sa porte, selon <a href=\"https:\/\/www.francebleu.fr\/infos\/faits-divers-justice\/adolescente-ornaise-retrouvee-en-loire-atlantique-la-mere-temoigne-j-ai-envie-de-dire-a-ma-fille-que-je-l-aime-4242980\" target=\"_blank\" rel=\"noreferrer nofollow noopener\">Ici Normandie<\/a>.<\/p>\n<p>\u00ab\u00a0Il l\u2019a r\u00e9cup\u00e9r\u00e9e au bout du chemin\u00a0\u00bb<\/p>\n<p class=\"paragraph text_align_left lp-f-body-02\">Mercredi soir, la m\u00e8re de famille a d\u00e9couvert un appel du trentenaire sur le t\u00e9l\u00e9phone de sa fille. Elle d\u00e9cide alors de la confronter, mais Lucie n\u2019est plus dans sa chambre. Pour cause, selon nos confr\u00e8res, la mineure a utilis\u00e9 un drap comme corde pour descendre de sa fen\u00eatre. \u00ab\u00a0Elle est pass\u00e9e par la fen\u00eatre et il l\u2019a r\u00e9cup\u00e9r\u00e9e au bout du chemin\u00a0\u00bb, d\u00e9taille la maman de Lucie.<\/p>\n<p class=\"paragraph text_align_left lp-f-body-02\">Ang\u00e9lique et son compagnon signalent la disparition de l\u2019adolescente \u00e0 la gendarmerie. S\u2019en suivent alors l\u2019intervention d\u2019une \u00e9quipe cynophile au domicile familial et le d\u00e9clenchement du dispositif alerte enl\u00e8vement dans l\u2019apr\u00e8s-midi de ce jeudi pour tenter de retrouver l\u2019adolescente, enlev\u00e9e par le trentenaire. Ce dernier est \u00e2g\u00e9 de 34\u00a0ans. D\u2019apr\u00e8s un communiqu\u00e9 du procureur d\u2019Argentan Christophe Bogliolo, l\u2019homme est un ami du p\u00e8re de Lucie, avec lequel cette derni\u00e8re avait \u00ab\u00a0des relations\u00a0\u00bb.<\/p>\n<p class=\"lp-card-podcast-highlighting__title  lp-f-subtitle-05\">[6\/6] Jubillar : de la disparition au proc\u00e8s, une affaire sans corps ni aveux <\/p>\n<p class=\"lp-card-podcast-highlighting__description lp-f-ui-05\">Crime story raconte chaque semaine les grandes affaires criminelles.<\/p>\n<p><a class=\"lp-card-podcast-highlighting__call-to-action\" data-page-type=\"HP\" data-block-name=\"podcast-highlight\">\u00c9couter<\/a><\/p>\n<p class=\"paragraph text_align_left lp-f-body-02\">La m\u00e8re de l\u2019adolescente ne le connaissait pas\u00a0: \u00ab\u00a0Je n\u2019ai rien senti, je ne savais rien du tout\u00a0\u00bb.<\/p>\n<p class=\"paragraph text_align_left lp-f-body-02\">L\u2019homme est connu des services de police, parce qu\u2019il a d\u00e9j\u00e0 \u00e9t\u00e9 condamn\u00e9 \u00ab\u00a0notamment pour des faits de violences par conjoint et sur mineur de 15\u00a0ans et de menace de mort r\u00e9it\u00e9r\u00e9e\u00a0\u00bb. Il faisait l\u2019objet d\u2019une mesure de tutelle. Il a \u00e9t\u00e9 retrouv\u00e9 avec Lucie, interpell\u00e9 puis plac\u00e9 en garde \u00e0 vue pour arrestation, enl\u00e8vement ou d\u00e9tention arbitraire de mineur de 15\u00a0ans.<\/p>\n","protected":false},"excerpt":{"rendered":"Pr\u00e8s de 20\u00a0heures d\u2019angoisse pour ses proches. Lucie, 12\u00a0ans, a disparu mercredi soir de son domicile de Dompierre&hellip;\n","protected":false},"author":2,"featured_media":417631,"comment_status":"","ping_status":"","sticky":false,"template":"","format":"standard","meta":{"footnotes":""},"categories":[1888],"tags":[1111,1928,11,1927,459,1777,674,118,1011,27,12,1926,626,1925,25],"class_list":{"0":"post-417630","1":"post","2":"type-post","3":"status-publish","4":"format-standard","5":"has-post-thumbnail","7":"category-paris","8":"tag-actu","9":"tag-actu-paris","10":"tag-actualites","11":"tag-actualites-paris","12":"tag-departements-horsidfo","13":"tag-eu","14":"tag-europe","15":"tag-faits-divers","16":"tag-fr","17":"tag-france","18":"tag-news","19":"tag-news-paris","20":"tag-paris","21":"tag-paris-news","22":"tag-republique-francaise"},"share_on_mastodon":{"url":"https:\/\/pubeurope.com\/@fr\/115267558757139558","error":""},"_links":{"self":[{"href":"https:\/\/www.europesays.com\/fr\/wp-json\/wp\/v2\/posts\/417630","targetHints":{"allow":["GET"]}}],"collection":[{"href":"https:\/\/www.europesays.com\/fr\/wp-json\/wp\/v2\/posts"}],"about":[{"href":"https:\/\/www.europesays.com\/fr\/wp-json\/wp\/v2\/types\/post"}],"author":[{"embeddable":true,"href":"https:\/\/www.europesays.com\/fr\/wp-json\/wp\/v2\/users\/2"}],"replies":[{"embeddable":true,"href":"https:\/\/www.europesays.com\/fr\/wp-json\/wp\/v2\/comments?post=417630"}],"version-history":[{"count":0,"href":"https:\/\/www.europesays.com\/fr\/wp-json\/wp\/v2\/posts\/417630\/revisions"}],"wp:featuredmedia":[{"embeddable":true,"href":"https:\/\/www.europesays.com\/fr\/wp-json\/wp\/v2\/media\/417631"}],"wp:attachment":[{"href":"https:\/\/www.europesays.com\/fr\/wp-json\/wp\/v2\/media?parent=417630"}],"wp:term":[{"taxonomy":"category","embeddable":true,"href":"https:\/\/www.europesays.com\/fr\/wp-json\/wp\/v2\/categories?post=417630"},{"taxonomy":"post_tag","embeddable":true,"href":"https:\/\/www.europesays.com\/fr\/wp-json\/wp\/v2\/tags?post=417630"}],"curies":[{"name":"wp","href":"https:\/\/api.w.org\/{rel}","templated":true}]}}