{"id":417632,"date":"2025-09-25T23:35:12","date_gmt":"2025-09-25T23:35:12","guid":{"rendered":"https:\/\/www.europesays.com\/fr\/417632\/"},"modified":"2025-09-25T23:35:12","modified_gmt":"2025-09-25T23:35:12","slug":"jusqua-huit-mois-de-prison-requis-a-lencontre-des-cyberharceleurs-de-la-dj-barbara-butch","status":"publish","type":"post","link":"https:\/\/www.europesays.com\/fr\/417632\/","title":{"rendered":"Jusqu\u2019\u00e0 huit mois de prison requis \u00e0 l\u2019encontre des cyberharceleurs de la DJ Barbara Butch"},"content":{"rendered":"<p class=\"mb-4 text-lg md:leading-8 break-words\"><strong>haine en ligne &#8211; \u00ab\u00a0Une vague de haine antis\u00e9mite, grossophobe et sexiste.\u00a0\u00bb Le parquet de Paris a d\u00e9nonc\u00e9 jeudi \u00ab\u00a0des violences num\u00e9riques massives\u00a0\u00bb lors du proc\u00e8s de cinq hommes accus\u00e9s d\u2019avoir cyberharcel\u00e9 la DJ Barbara Butch apr\u00e8s la c\u00e9r\u00e9monie d\u2019ouverture des Jeu<\/strong><\/p>\n<p class=\"mb-4 text-lg md:leading-8 break-words\">Une \u00ab\u00a0vague de haine antis\u00e9mite, grossophobe et sexiste\u00a0\u00bb ayant eu des cons\u00e9quences lourdes sur la sant\u00e9 mentale et physique de <a href=\"https:\/\/www.20minutes.fr\/societe\/4106904-20240825-veux-surtout-retourner-placard-veux-continuer-battre-lache-barbara-butch?at_medium=RSS%20feed&amp;at_campaign=ynews&amp;utm_source=yahoo&amp;utm_medium=rss&amp;utm_campaign=news_feed&amp;utm_content=in_article_link\" rel=\"nofollow noopener\" target=\"_blank\" data-ylk=\"slk:Barbara Butch;elm:context_link;itc:0;sec:content-canvas\" class=\"link \">Barbara Butch<\/a>, figure des nuits parisiennes LBGT +. C\u2019est en ces mots que la procureure du Parquet de Paris a qualifi\u00e9 le \u00ab\u00a0cyberharc\u00e8lement parfaitement caract\u00e9ris\u00e9\u00a0\u00bb dont a \u00e9t\u00e9 victime l\u2019artiste.<\/p>\n<p class=\"mb-4 text-lg md:leading-8 break-words\">Le parquet de Paris a requis jeudi des peines allant de trois \u00e0 huit mois d\u2019emprisonnement, avec ou sans sursis, contre <a href=\"https:\/\/www.20minutes.fr\/sport\/jo\/4128971-20241212-jo-paris-2024-trois-personnes-jugees-avoir-cyberharcele-dj-barbara-butch?at_medium=RSS%20feed&amp;at_campaign=ynews&amp;utm_source=yahoo&amp;utm_medium=rss&amp;utm_campaign=news_feed&amp;utm_content=in_article_link\" rel=\"nofollow noopener\" target=\"_blank\" data-ylk=\"slk:cinq hommes jug\u00e9s pour cyberharc\u00e8lement et menaces;elm:context_link;itc:0;sec:content-canvas\" class=\"link \">cinq hommes jug\u00e9s pour cyberharc\u00e8lement et menaces<\/a> \u00e0 l\u2019encontre de la DJ. Ces messages \u00ab\u00a0brisent\u00a0\u00bb, ils \u00ab\u00a0broient\u00a0\u00bb. Ils ont pour objectif \u00ab\u00a0d\u2019intimider et de faire mal\u00a0\u00bb, a affirm\u00e9 la procureure.<\/p>\n<p>\u00ab\u00a0Tu vas payer\u00a0\u00bb<\/p>\n<p class=\"mb-4 text-lg md:leading-8 break-words\">Le 26 juillet\u00a02024, Barbara Butch \u00e9tait apparue aux platines sur la passerelle Debilly \u00e0 Paris, entour\u00e9e de drag queens, de mannequins et du chanteur Philippe Katerine peint en bleu, pour un tableau baptis\u00e9 \u00ab\u00a0Festivit\u00e9\u00a0\u00bb. Une performance qui avait suscit\u00e9 la col\u00e8re de milieux conservateurs et d\u2019extr\u00eame droite, qui y avaient vu une parodie blasph\u00e9matoire de la C\u00e8ne de L\u00e9onard de Vinci.<\/p>\n<p class=\"mb-4 text-lg md:leading-8 break-words\">Trois jours plus tard, <a href=\"https:\/\/www.20minutes.fr\/high-tech\/by-the-web\/4103602-20240729-jo-paris-2024-barbara-butch-dj-ceremonie-ouverture-porte-plainte-cyberharcelement?at_medium=RSS%20feed&amp;at_campaign=ynews&amp;utm_source=yahoo&amp;utm_medium=rss&amp;utm_campaign=news_feed&amp;utm_content=in_article_link\" rel=\"nofollow noopener\" target=\"_blank\" data-ylk=\"slk:la DJ d\u00e9posait plainte;elm:context_link;itc:0;sec:content-canvas\" class=\"link \">la DJ d\u00e9posait plainte<\/a> apr\u00e8s avoir re\u00e7u une avalanche de messages haineux\u00a0: insultes, menaces de mort et de viol, tels que \u00ab\u00a0Cr\u00e8ve\u00a0\u00bb ou encore \u00ab\u00a0Tu vas payer\u00a0\u00bb. Sa compagne avait elle aussi \u00e9t\u00e9 la cible de menaces.<\/p>\n<p>\u00ab\u00a0Envie de m\u2019enterrer et de dispara\u00eetre\u00a0\u00bb<\/p>\n<p class=\"mb-4 text-lg md:leading-8 break-words\">Barbara Butch a expliqu\u00e9 avoir sombr\u00e9 dans une profonde d\u00e9tresse, d\u00e9veloppant de l\u2019agoraphobie, du psoriasis et souffrant d\u2019insomnies et de cauchemars. Elle a \u00e9galement i(&#8230;)<\/p>\n<p class=\"mb-4 text-lg md:leading-8 break-words\"><a href=\"https:\/\/www.20minutes.fr\/justice\/4175357-20250925-jo-paris-2024-jusqu-huit-mois-prison-requis-encontre-cyberharceleurs-dj-barbara-butch?at_medium=RSS%20feed&amp;at_campaign=ynews&amp;utm_source=yahoo&amp;utm_medium=rss&amp;utm_campaign=news_feed&amp;utm_content=read_more_link&quot;\" rel=\"nofollow noopener\" target=\"_blank\" data-ylk=\"slk:Lire la suite sur 20minutes;elm:context_link;itc:0;sec:content-canvas\" class=\"link \">Lire la suite sur 20minutes<\/a><\/p>\n<p>\u00c0 lire aussi :<br \/><a href=\"https:\/\/www.20minutes.fr\/justice\/4103787-20240730-jo-paris-2024-enquete-ouverte-apres-plainte-dj-barbara-butch-cyberharcelement?at_medium=RSS%20feed&amp;at_campaign=ynews&amp;utm_source=yahoo&amp;utm_medium=rss&amp;utm_campaign=news_feed&amp;utm_content=related_content_link\" rel=\"nofollow noopener\" target=\"_blank\" data-ylk=\"slk:JO de Paris 2024\u00a0: Enqu\u00eate ouverte apr\u00e8s la plainte de la DJ Barbara Butch pour cyberharc\u00e8lement;elm:context_link;itc:0;sec:content-canvas\" class=\"link \">JO de Paris 2024\u00a0: Enqu\u00eate ouverte apr\u00e8s la plainte de la DJ Barbara Butch pour cyberharc\u00e8lement<\/a><br \/><a href=\"https:\/\/www.20minutes.fr\/sport\/jo\/4128971-20241212-jo-paris-2024-trois-personnes-jugees-avoir-cyberharcele-dj-barbara-butch?at_medium=RSS%20feed&amp;at_campaign=ynews&amp;utm_source=yahoo&amp;utm_medium=rss&amp;utm_campaign=news_feed&amp;utm_content=related_content_link\" rel=\"nofollow noopener\" target=\"_blank\" data-ylk=\"slk:JO de Paris\u00a0: Trois personnes seront jug\u00e9es en septembre\u00a02025 pour avoir cyberharcel\u00e9 la DJ Barbara Butch;elm:context_link;itc:0;sec:content-canvas\" class=\"link \">JO de Paris\u00a0: Trois personnes seront jug\u00e9es en septembre\u00a02025 pour avoir cyberharcel\u00e9 la DJ Barbara Butch<\/a><\/p>\n","protected":false},"excerpt":{"rendered":"haine en ligne &#8211; \u00ab\u00a0Une vague de haine antis\u00e9mite, grossophobe et sexiste.\u00a0\u00bb Le parquet de Paris a d\u00e9nonc\u00e9&hellip;\n","protected":false},"author":2,"featured_media":417633,"comment_status":"","ping_status":"","sticky":false,"template":"","format":"standard","meta":{"footnotes":""},"categories":[1888],"tags":[1111,1928,11,1927,54244,12666,1777,674,1011,27,12,1926,626,1925,10857,25],"class_list":{"0":"post-417632","1":"post","2":"type-post","3":"status-publish","4":"format-standard","5":"has-post-thumbnail","7":"category-paris","8":"tag-actu","9":"tag-actu-paris","10":"tag-actualites","11":"tag-actualites-paris","12":"tag-barbara-butch","13":"tag-dj","14":"tag-eu","15":"tag-europe","16":"tag-fr","17":"tag-france","18":"tag-news","19":"tag-news-paris","20":"tag-paris","21":"tag-paris-news","22":"tag-parquet-de-paris","23":"tag-republique-francaise"},"share_on_mastodon":{"url":"https:\/\/pubeurope.com\/@fr\/115267562659032132","error":""},"_links":{"self":[{"href":"https:\/\/www.europesays.com\/fr\/wp-json\/wp\/v2\/posts\/417632","targetHints":{"allow":["GET"]}}],"collection":[{"href":"https:\/\/www.europesays.com\/fr\/wp-json\/wp\/v2\/posts"}],"about":[{"href":"https:\/\/www.europesays.com\/fr\/wp-json\/wp\/v2\/types\/post"}],"author":[{"embeddable":true,"href":"https:\/\/www.europesays.com\/fr\/wp-json\/wp\/v2\/users\/2"}],"replies":[{"embeddable":true,"href":"https:\/\/www.europesays.com\/fr\/wp-json\/wp\/v2\/comments?post=417632"}],"version-history":[{"count":0,"href":"https:\/\/www.europesays.com\/fr\/wp-json\/wp\/v2\/posts\/417632\/revisions"}],"wp:featuredmedia":[{"embeddable":true,"href":"https:\/\/www.europesays.com\/fr\/wp-json\/wp\/v2\/media\/417633"}],"wp:attachment":[{"href":"https:\/\/www.europesays.com\/fr\/wp-json\/wp\/v2\/media?parent=417632"}],"wp:term":[{"taxonomy":"category","embeddable":true,"href":"https:\/\/www.europesays.com\/fr\/wp-json\/wp\/v2\/categories?post=417632"},{"taxonomy":"post_tag","embeddable":true,"href":"https:\/\/www.europesays.com\/fr\/wp-json\/wp\/v2\/tags?post=417632"}],"curies":[{"name":"wp","href":"https:\/\/api.w.org\/{rel}","templated":true}]}}