{"id":417646,"date":"2025-09-25T23:42:14","date_gmt":"2025-09-25T23:42:14","guid":{"rendered":"https:\/\/www.europesays.com\/fr\/417646\/"},"modified":"2025-09-25T23:42:14","modified_gmt":"2025-09-25T23:42:14","slug":"en-allemagne-larmee-peut-compter-sur-les-reservistes","status":"publish","type":"post","link":"https:\/\/www.europesays.com\/fr\/417646\/","title":{"rendered":"En Allemagne, l&rsquo;arm\u00e9e peut compter sur les r\u00e9servistes"},"content":{"rendered":"<p class=\"mb-4 text-lg md:leading-8 break-words\">Face aux dangers de l&rsquo;extension du conflit en Ukraine, l&rsquo;arm\u00e9e allemande se pr\u00e9pare au pire et donc, \u00e0 d\u00e9fendre l&rsquo;Allemagne. Mais pour cela, elle a besoin de soldats et notamment de r\u00e9servistes qu&rsquo;elle peut trouver au sein du personnel de certaines grandes entreprises.<\/p>\n<p>Une question de s\u00e9curit\u00e9 int\u00e9rieure<\/p>\n<p class=\"mb-4 text-lg md:leading-8 break-words\">Ralf Strobel s&rsquo;y conna\u00eet en locomotives qui p\u00e8sent plusieurs tonnes.<\/p>\n<p class=\"mb-4 text-lg md:leading-8 break-words\">Dans l&rsquo;atelier de la gare de triage de Nuremberg, cet homme de 45 ans est contrema\u00eetre de l&rsquo;atelier de maintenance des locomotives de la <a href=\"https:\/\/fr.news.yahoo.com\/femme-%C3%A0-t%C3%AAte-soci%C3%A9t%C3%A9-chemins-140900222.html\" data-ylk=\"slk:Deutsche Bahn;elm:context_link;itc:0;sec:content-canvas;outcm:mb_qualified_link;_E:mb_qualified_link;ct:story;\" class=\"link  yahoo-link\" target=\"_blank\" rel=\"noopener\">Deutsche Bahn<\/a>, la compagnie ferroviaire d&rsquo;Allemagne.<\/p>\n<p class=\"mb-4 text-lg md:leading-8 break-words\">Il est responsable du bon d\u00e9roulement des r\u00e9parations et de la maintenance. Mais deux fois par an, ce p\u00e8re de quatre enfants troque son gilet de s\u00e9curit\u00e9 contre un uniforme.<\/p>\n<p class=\"mb-4 text-lg md:leading-8 break-words\">En tant que r\u00e9serviste de <a href=\"https:\/\/fr.news.yahoo.com\/merz-pr%C3%A9voit-investissements-massifs-bundeswehr-182400718.html\" data-ylk=\"slk:la Bundeswehr;elm:context_link;itc:0;sec:content-canvas;outcm:mb_qualified_link;_E:mb_qualified_link;ct:story;\" class=\"link  yahoo-link\" target=\"_blank\" rel=\"noopener\">la Bundeswehr<\/a>, l&rsquo;arm\u00e9e allemande, il participe \u00e0 des exercices militaires et \u00e0 des stages de formation au sein d&rsquo;un bataillon du g\u00e9nie, charg\u00e9 \u00e9galement de la protection des infrastructures critiques.<\/p>\n<p class=\"mb-4 text-lg md:leading-8 break-words\">\u00ab\u00a0Les soldats actifs sont encore rares \u00e0 l&rsquo;heure actuelle. Il faut donc bien s\u00fbr pouvoir compter sur un soutien important de la part de la r\u00e9serve\u00a0\u00bb explique Ralf Strobel \u00ab\u00a0c&rsquo;est pourquoi, le travail des r\u00e9servistes est plus important que jamais, car il s&rsquo;agit aussi de la s\u00e9curit\u00e9 int\u00e9rieure\u00a0\u00bb.<\/p>\n<p class=\"mb-4 text-lg md:leading-8 break-words\">Il s\u00a0\u00bbengage donc pour cette cause et veut y contribuer.<\/p>\n<p><img alt=\"Les r\u00e9servistes participent \u00e0 des exercices militaires et \u00e0 des stages de formation.&lt;span class=&quot;copyright&quot;&gt;Noah Wedel\/picture alliance&lt;\/span&gt;\" loading=\"lazy\" width=\"960\" height=\"540\" decoding=\"async\" data-nimg=\"1\" class=\"rounded-lg\" style=\"color:transparent\" src=\"https:\/\/www.europesays.com\/fr\/wp-content\/uploads\/2025\/09\/b27d3855347815357cb0431ba5630930.jpeg\"\/><\/p>\n<p>Les r\u00e9servistes participent \u00e0 des exercices militaires et \u00e0 des stages de formation.Noah Wedel\/picture alliance<\/p>\n<p>Du soutien pour les r\u00e9servistes au sein de l&rsquo;entreprise<\/p>\n<p class=\"mb-4 text-lg md:leading-8 break-words\">\u00c0 1 400 kilom\u00e8tres au nord-est de l\u00e0, en Lituanie, une brigade blind\u00e9e allemande, qui comptera \u00e0 l&rsquo;avenir plusieurs milliers de soldats, contribue \u00e0 prot\u00e9ger la fronti\u00e8re orientale de <a href=\"https:\/\/fr.news.yahoo.com\/lotan-hausse-historique-d%C3%A9penses-militares-171400851.html\" data-ylk=\"slk:l&#039;Otan;elm:context_link;itc:0;sec:content-canvas;outcm:mb_qualified_link;_E:mb_qualified_link;ct:story;\" class=\"link  yahoo-link\" target=\"_blank\" rel=\"noopener\">l&rsquo;Otan<\/a>.<\/p>\n<p class=\"mb-4 text-lg md:leading-8 break-words\">C&rsquo;est la premi\u00e8re fois depuis la Seconde Guerre mondiale que des soldats allemands sont stationn\u00e9s de mani\u00e8re permanente \u00e0 l&rsquo;\u00e9tranger. La Bundeswehr compte \u00e9galement sur d&rsquo;anciens soldats qui, en tant que r\u00e9servistes, peuvent \u00eatre d\u00e9ploy\u00e9s \u00e0 tout moment, y compris \u00e0 l&rsquo;\u00e9tranger.<\/p>\n<p class=\"mb-4 text-lg md:leading-8 break-words\">Daniel G\u00f6ke est l&rsquo;un d&rsquo;entre eux. Officier de r\u00e9serve dans l&rsquo;arm\u00e9e de terre, il est dans le civil le coordinateur des r\u00e9servistes de la Deutsche Bahn. Il s&rsquo;occupe donc de ses coll\u00e8gues qui s&rsquo;engagent parall\u00e8lement \u00e0 leur travail dans la d\u00e9fense nationale.<\/p>\n<p class=\"mb-4 text-lg md:leading-8 break-words\">Il explique que l&rsquo;on trouve des r\u00e9servistes presque partout au sein de la soci\u00e9t\u00e9. Ils sont plusieurs milliers au total.<\/p>\n<p class=\"mb-4 text-lg md:leading-8 break-words\">Cela s&rsquo;explique notamment par le fait que la Deutsche Bahn, l&rsquo;un des plus grands employeurs d&rsquo;Allemagne, soutient \u00ab\u00a0ses\u00a0\u00bb r\u00e9servistes, par exemple en leur accordant des cong\u00e9s sans formalit\u00e9s administratives, mais aussi en leur t\u00e9moignant une reconnaissance.<\/p>\n<p class=\"mb-4 text-lg md:leading-8 break-words\">Pour Daniel G\u00f6ke, \u00ab\u00a0c&rsquo;est bien s\u00fbr tr\u00e8s agr\u00e9able quand votre sup\u00e9rieur vous dit : Je trouve \u00e7a formidable que tu consacres ton temps libre ou ton temps \u00e0 cette fonction b\u00e9n\u00e9vole pour \u00eatre l\u00e0 pour l&rsquo;Allemagne\u00a0\u00bb. Il insiste sur l&rsquo;importance de la d\u00e9marche \u00ab\u00a0surtout dans la situation actuelle, o\u00f9 la situation politique en Europe a consid\u00e9rablement chang\u00e9, au cours des trois derni\u00e8res ann\u00e9es et demie, et o\u00f9 les forces arm\u00e9es sont revenues au centre de la soci\u00e9t\u00e9\u00a0\u00bb.<\/p>\n<p class=\"mb-4 text-lg md:leading-8 break-words\">Ralf Strobel n&rsquo;a lui non plus de probl\u00e8me pour obtenir des cong\u00e9s, m\u00eame lorsque l&rsquo;exercice ou la formation dure deux semaines. Et que ses coll\u00e8gues doivent alors le remplacer.<\/p>\n<p class=\"mb-4 text-lg md:leading-8 break-words\">\u00a0\u00bb Il est tr\u00e8s important d&rsquo;obtenir le soutien de son employeur. Ici, dans une grande entreprise, il est probablement plus facile d&rsquo;obtenir une d\u00e9claration de consentement pour les exercices que dans une petite entreprise artisanale de taille moyenne. Et c&rsquo;est pourquoi cela fonctionne plut\u00f4t bien ici, \u00e0 la Deutsche Bahn\u00a0\u00bb assure-t-il.<\/p>\n<p class=\"mb-4 text-lg md:leading-8 break-words\">L&rsquo;Allemagne compte environ 860.000 r\u00e9servistes.<\/p>\n<p class=\"mb-4 text-lg md:leading-8 break-words\">Actuellement, le r\u00e9tablissement du service militaire obligatoire fait l&rsquo;objet d&rsquo;un d\u00e9bat. En attendant, la Bundeswehr compte sur <a href=\"https:\/\/fr.news.yahoo.com\/allemagne-voie-ouverte-au-service-154000554.html\" data-ylk=\"slk:les volontaires;elm:context_link;itc:0;sec:content-canvas;outcm:mb_qualified_link;_E:mb_qualified_link;ct:story;\" class=\"link  yahoo-link\" target=\"_blank\" rel=\"noopener\">les volontaires<\/a> et les r\u00e9servistes.<\/p>\n","protected":false},"excerpt":{"rendered":"Face aux dangers de l&rsquo;extension du conflit en Ukraine, l&rsquo;arm\u00e9e allemande se pr\u00e9pare au pire et donc, \u00e0&hellip;\n","protected":false},"author":2,"featured_media":417647,"comment_status":"","ping_status":"","sticky":false,"template":"","format":"standard","meta":{"footnotes":""},"categories":[1587],"tags":[11,672,1804,7694,1805,6122,1803,1777,674,1801,54729,54727,12,1802,25765,54728],"class_list":{"0":"post-417646","1":"post","2":"type-post","3":"status-publish","4":"format-standard","5":"has-post-thumbnail","7":"category-allemagne","8":"tag-actualites","9":"tag-allemagne","10":"tag-bundesrepublik-deutschland","11":"tag-bundeswehr","12":"tag-de","13":"tag-deutsche-bahn","14":"tag-deutschland","15":"tag-eu","16":"tag-europe","17":"tag-germany","18":"tag-gilet-de-securite","19":"tag-larmee-de-terre","20":"tag-news","21":"tag-republique-federale-dallemagne","22":"tag-reservistes","23":"tag-strobel"},"share_on_mastodon":{"url":"https:\/\/pubeurope.com\/@fr\/115267590157315605","error":""},"_links":{"self":[{"href":"https:\/\/www.europesays.com\/fr\/wp-json\/wp\/v2\/posts\/417646","targetHints":{"allow":["GET"]}}],"collection":[{"href":"https:\/\/www.europesays.com\/fr\/wp-json\/wp\/v2\/posts"}],"about":[{"href":"https:\/\/www.europesays.com\/fr\/wp-json\/wp\/v2\/types\/post"}],"author":[{"embeddable":true,"href":"https:\/\/www.europesays.com\/fr\/wp-json\/wp\/v2\/users\/2"}],"replies":[{"embeddable":true,"href":"https:\/\/www.europesays.com\/fr\/wp-json\/wp\/v2\/comments?post=417646"}],"version-history":[{"count":0,"href":"https:\/\/www.europesays.com\/fr\/wp-json\/wp\/v2\/posts\/417646\/revisions"}],"wp:featuredmedia":[{"embeddable":true,"href":"https:\/\/www.europesays.com\/fr\/wp-json\/wp\/v2\/media\/417647"}],"wp:attachment":[{"href":"https:\/\/www.europesays.com\/fr\/wp-json\/wp\/v2\/media?parent=417646"}],"wp:term":[{"taxonomy":"category","embeddable":true,"href":"https:\/\/www.europesays.com\/fr\/wp-json\/wp\/v2\/categories?post=417646"},{"taxonomy":"post_tag","embeddable":true,"href":"https:\/\/www.europesays.com\/fr\/wp-json\/wp\/v2\/tags?post=417646"}],"curies":[{"name":"wp","href":"https:\/\/api.w.org\/{rel}","templated":true}]}}