{"id":417655,"date":"2025-09-25T23:47:19","date_gmt":"2025-09-25T23:47:19","guid":{"rendered":"https:\/\/www.europesays.com\/fr\/417655\/"},"modified":"2025-09-25T23:47:19","modified_gmt":"2025-09-25T23:47:19","slug":"macron-assure-que-la-france-est-prete-a-contribuer-a-la-securite-du-danemark","status":"publish","type":"post","link":"https:\/\/www.europesays.com\/fr\/417655\/","title":{"rendered":"Macron assure que la France est pr\u00eate \u00e0 \u00abcontribuer \u00e0 la s\u00e9curit\u00e9\u00bb du Danemark"},"content":{"rendered":"<p>Des drones ont \u00e9t\u00e9 rep\u00e9r\u00e9s dans la nuit de mercredi \u00e0 jeudi au-dessus de quatre a\u00e9roports danois.<\/p>\n<p class=\"fig-paragraph\">La France est pr\u00eate \u00e0 \u00abcontribuer \u00e0 la s\u00e9curit\u00e9 de l&rsquo;espace a\u00e9rien danois\u00bb apr\u00e8s plusieurs\u00a0<a href=\"http:\/\/www.lefigaro.fr\/international\/danemark-l-aeroport-d-aalborg-ferme-en-raison-de-la-presence-de-drones-20250924\" target=\"_blank\" data-fig-type=\"NewsFlash\" rel=\"noopener\" data-gtm-custom-categorie=\"navigation\" data-gtm-custom-action=\"crossclick\" data-gtm-custom-label=\"Contextuel\" data-gtm-event=\"customEventSPE\" data-fig-domain=\"LEFIGARO\">survols de drones<\/a>\u00a0au-dessus d&rsquo;a\u00e9roports civils et militaire au Danemark cette semaine, a indiqu\u00e9 le pr\u00e9sident\u00a0<a href=\"https:\/\/www.lefigaro.fr\/tag\/emmanuel-macron\" target=\"_blank\" rel=\"sponsored noopener\" data-gtm-custom-categorie=\"navigation\" data-gtm-custom-action=\"crossclick\" data-gtm-custom-label=\"Contextuel\" data-gtm-event=\"customEventSPE\">Emmanuel Macron<\/a>\u00a0jeudi.<\/p>\n<p class=\"fig-paragraph\">\u00abJe viens de m&rsquo;entretenir avec la premi\u00e8re ministre danoise, Mette Frederiksen. Je lui ai fait part de la pleine solidarit\u00e9 de la France avec le Danemark apr\u00e8s la r\u00e9p\u00e9tition d&rsquo;intrusions de drones non identifi\u00e9s affectant le fonctionnement de l&rsquo;a\u00e9roport de Copenhague\u00bb, a \u00e9crit le pr\u00e9sident fran\u00e7ais sur X.<\/p>\n<p>                                    <a class=\"fig-a11y-skip a11y-hidden\" href=\"#fig-a11y-skip-main-inarticle\"><br \/>\n        Passer la publicit\u00e9<br \/>\n    <\/a><\/p>\n<p class=\"fig-paragraph\">\u00abLa France est pr\u00eate \u00e0 apporter son appui au Danemark pour \u00e9valuer la situation et contribuer \u00e0 la s\u00e9curit\u00e9 de l&rsquo;espace a\u00e9rien danois\u00bb, a ajout\u00e9 le chef de l&rsquo;\u00c9tat.<\/p>\n<p>Quatre a\u00e9roports danois survol\u00e9s<\/p>\n<p class=\"fig-paragraph\">Des drones ont \u00e9t\u00e9 rep\u00e9r\u00e9s dans la nuit de mercredi \u00e0 jeudi au-dessus des a\u00e9roports d&rsquo;Aalborg, d&rsquo;Esbjerg, de Sonderborg et de la base a\u00e9rienne militaire de Skrydstrup. Lundi soir d\u00e9j\u00e0, des drones \u00e0 l&rsquo;origine non identifi\u00e9e avaient survol\u00e9 l&rsquo;a\u00e9roport de Copenhague, bloquant le trafic pendant plusieurs heures.<\/p>\n<p class=\"fig-paragraph\">Des \u00abattaques hybrides\u00bb qui pourraient \u00abse multiplier\u00bb, a affirm\u00e9 Mette Frederiksen, estimant qu&rsquo;\u00abil existe principalement un pays qui repr\u00e9sente une menace pour la s\u00e9curit\u00e9 de l&rsquo;Europe, \u00e0 savoir la Russie\u00bb.<\/p>\n<p class=\"fig-body-link\">\n            \u00c0 lire aussi<br \/>\n        <a class=\"fig-body-link__link\" href=\"http:\/\/www.lefigaro.fr\/international\/survols-de-drones-au-danemark-l-auteur-demeure-inconnu-mais-le-risque-de-sabotage-russe-est-eleve-selon-les-renseignements-20250925\" target=\"_blank\" data-fig-type=\"NewsFlash\" rel=\"noopener\" data-gtm-custom-categorie=\"navigation\" data-gtm-custom-action=\"crossclick\" data-gtm-custom-label=\"Contextuel\" data-gtm-event=\"customEventSPE\" data-fig-domain=\"LEFIGARO\">Survols de drones au Danemark\u00a0: l\u2019auteur demeure inconnu mais \u00able risque de sabotage russe est \u00e9lev\u00e9\u00bb, selon les renseignements<br \/>\n    <\/a>\n<\/p>\n<p class=\"fig-paragraph\">La Russie a \u00abfermement\u00bb d\u00e9menti \u00eatre impliqu\u00e9e dans ces survols, son ambassade \u00e0 Copenhague d\u00e9non\u00e7ant une \u00abprovocation orchestr\u00e9e\u00bb.<\/p>\n","protected":false},"excerpt":{"rendered":"Des drones ont \u00e9t\u00e9 rep\u00e9r\u00e9s dans la nuit de mercredi \u00e0 jeudi au-dessus de quatre a\u00e9roports danois. La&hellip;\n","protected":false},"author":2,"featured_media":417656,"comment_status":"","ping_status":"","sticky":false,"template":"","format":"standard","meta":{"footnotes":""},"categories":[4],"tags":[259,11,260,1011,27,14,261,12,262,25],"class_list":{"0":"post-417655","1":"post","2":"type-post","3":"status-publish","4":"format-standard","5":"has-post-thumbnail","7":"category-france","8":"tag-actualite-internationale","9":"tag-actualites","10":"tag-affaires-etrangeres","11":"tag-fr","12":"tag-france","13":"tag-international","14":"tag-ministere-des-affaires-etrangeres","15":"tag-news","16":"tag-politique-etrangere","17":"tag-republique-francaise"},"share_on_mastodon":{"url":"https:\/\/pubeurope.com\/@fr\/115267609798605655","error":""},"_links":{"self":[{"href":"https:\/\/www.europesays.com\/fr\/wp-json\/wp\/v2\/posts\/417655","targetHints":{"allow":["GET"]}}],"collection":[{"href":"https:\/\/www.europesays.com\/fr\/wp-json\/wp\/v2\/posts"}],"about":[{"href":"https:\/\/www.europesays.com\/fr\/wp-json\/wp\/v2\/types\/post"}],"author":[{"embeddable":true,"href":"https:\/\/www.europesays.com\/fr\/wp-json\/wp\/v2\/users\/2"}],"replies":[{"embeddable":true,"href":"https:\/\/www.europesays.com\/fr\/wp-json\/wp\/v2\/comments?post=417655"}],"version-history":[{"count":0,"href":"https:\/\/www.europesays.com\/fr\/wp-json\/wp\/v2\/posts\/417655\/revisions"}],"wp:featuredmedia":[{"embeddable":true,"href":"https:\/\/www.europesays.com\/fr\/wp-json\/wp\/v2\/media\/417656"}],"wp:attachment":[{"href":"https:\/\/www.europesays.com\/fr\/wp-json\/wp\/v2\/media?parent=417655"}],"wp:term":[{"taxonomy":"category","embeddable":true,"href":"https:\/\/www.europesays.com\/fr\/wp-json\/wp\/v2\/categories?post=417655"},{"taxonomy":"post_tag","embeddable":true,"href":"https:\/\/www.europesays.com\/fr\/wp-json\/wp\/v2\/tags?post=417655"}],"curies":[{"name":"wp","href":"https:\/\/api.w.org\/{rel}","templated":true}]}}