{"id":417660,"date":"2025-09-25T23:53:28","date_gmt":"2025-09-25T23:53:28","guid":{"rendered":"https:\/\/www.europesays.com\/fr\/417660\/"},"modified":"2025-09-25T23:53:28","modified_gmt":"2025-09-25T23:53:28","slug":"jorge-martin-premier-pilote-dune-ecurie-satellite-sacre-champion-du-monde-de-motogp","status":"publish","type":"post","link":"https:\/\/www.europesays.com\/fr\/417660\/","title":{"rendered":"Jorge Martin, premier pilote d\u2019une \u00e9curie satellite sacr\u00e9 champion du monde de MotoGP"},"content":{"rendered":"<p>                          <img loading=\"lazy\" decoding=\"async\" src=\"https:\/\/www.europesays.com\/fr\/wp-content\/uploads\/2025\/09\/b2d300a_98f4ab30d1f441749e1e0cc290b97bbe-0-66f67d42b950431eac3af444516fdbeb.jpg\" alt=\"L\u2019Espagnol Jorge Martin a \u00e9t\u00e9 sacr\u00e9 champion du monde de MotoGP, apr\u00e8s sa troisi\u00e8me place lors du Grand Prix de Barcelone, le 17\u00a0novembre\u00a02024.\"   width=\"664\" height=\"443\"\/>    L\u2019Espagnol Jorge Martin a \u00e9t\u00e9 sacr\u00e9 champion du monde de MotoGP, apr\u00e8s sa troisi\u00e8me place lors du Grand Prix de Barcelone, le 17\u00a0novembre\u00a02024.  JOAN MONFORT \/ AP                          <\/p>\n<p class=\"article__paragraph  \">Il aura trembl\u00e9 jusqu\u2019au bout, d\u00fb v\u00e9rifier encore et encore ses r\u00e9troviseurs. Mais finalement personne n\u2019est venu le d\u00e9loger du haut du classement g\u00e9n\u00e9ral de la MotoGP. Dimanche 17\u00a0novembre, Jorge Martin (Ducati-Pramac) a \u00e9t\u00e9 sacr\u00e9 champion du monde de la cat\u00e9gorie reine du motocyclisme pour la premi\u00e8re fois de sa carri\u00e8re. Un couronnement au terme d\u2019une saison pleine de suspense et d\u2019un dernier Grand Prix de Barcelone qu\u2019il devait terminer dans les neuf premiers pour s\u2019assurer le titre. Devant son public, l\u2019Espagnol s\u2019est m\u00eame offert un ultime podium, terminant la course \u00e0 la troisi\u00e8me place.<\/p>\n<p>                                            Lire aussi |  Article r\u00e9serv\u00e9 \u00e0 nos abonn\u00e9s  <a href=\"https:\/\/www.lemonde.fr\/sport\/article\/2024\/05\/12\/apres-son-rachat-par-le-groupe-americain-liberty-media-l-avenir-du-motogp-se-dessine-hors-d-europe_6232790_3242.html\" class=\"js-article-read-also catcher--favoris__link\" data-premium=\"1\" id=\"article-title-3370458\" rel=\"nofollow noopener\" target=\"_blank\">Apr\u00e8s son rachat par le groupe am\u00e9ricain Liberty Media, l\u2019avenir du MotoGP se dessine hors d\u2019Europe<\/a>    <\/p>\n<p>   Lire plus tard  <\/p>\n<p class=\"article__paragraph  \">Vice-champion du monde l\u2019an dernier, le Madril\u00e8ne de 26\u00a0ans a d\u00e9tr\u00f4n\u00e9 <a href=\"https:\/\/www.lemonde.fr\/sport\/article\/2023\/11\/26\/motogp-l-italien-francesco-bagnaia-champion-du-monde-pour-la-deuxieme-fois_6202469_3242.html\" rel=\"nofollow noopener\" target=\"_blank\">le double tenant du titre, Francesco Bagnaia.<\/a> L\u2019Italien de l\u2019\u00e9curie Ducati a pourtant encha\u00een\u00e9 les succ\u00e8s tout au long de l\u2019ann\u00e9e et acquis son 11e\u00a0dimanche, en 20\u00a0courses disput\u00e9es. Mais la saison 2024\u00a0de MotoGP a finalement r\u00e9compens\u00e9 de dix points (508 \u00e0 498) la constance, dont Jorge Martin est le meilleur repr\u00e9sentant. Il devient au passage le premier pilote d\u2019une \u00e9curie satellite \u2013 une \u00e9quipe priv\u00e9e, ne d\u00e9pendant pas d\u2019un constructeur \u2013 \u00e0 d\u00e9crocher le titre en MotoGP.<\/p>\n<p class=\"article__paragraph  \">\u00ab\u00a0Il y a beaucoup d\u2019\u00e9motions, a expliqu\u00e9 tout sourire Jorge Martin \u00e0 la fin de la course, sur Canal+. J\u2019ai pleur\u00e9, j\u2019ai \u00e9t\u00e9 content, puis j\u2019ai pleur\u00e9 \u00e0 nouveau. Je remercie ma famille, mes amis, mais aussi mes concurrents, dont Francesco. Ils m\u2019ont pouss\u00e9 jusqu\u2019\u00e0 mes limites.\u00a0\u00bb<\/p>\n<p class=\"article__paragraph  \">Le \u00ab\u00a0Martinator\u00a0\u00bb comme il se surnomme \u2013 en hommage au film Terminator \u2013 est rarement pass\u00e9 \u00e0 c\u00f4t\u00e9 d\u2019un week-end de course, comme le prouvent ses 16\u00a0podiums de l\u2019ann\u00e9e, dont 3\u00a0victoires. A Barcelone, il n\u2019a pas tent\u00e9 d\u2019ajouter la mani\u00e8re et un dernier succ\u00e8s, mais s\u2019est attel\u00e9 \u00e0 maintenir sa confortable avance au classement en \u00e9vitant la chute.<\/p>\n<p class=\"article__paragraph  \">\u00ab\u00a0J\u2019ai r\u00e9ussi \u00e0 rester comp\u00e9titif et \u00e0 donner le meilleur, s\u2019est f\u00e9licit\u00e9 le pilote. \u00c7a a \u00e9t\u00e9 un long voyage, j\u2019ai beaucoup souffert durant ma carri\u00e8re. Il y a eu des blessures, et \u00e7a m\u2019a rendu plus fort. J\u2019ai beaucoup travaill\u00e9 physiquement et mentalement. Je me sentais pr\u00eat pour le challenge.\u00a0\u00bb<\/p>\n<p>                                       Lire aussi (2023) |  Article r\u00e9serv\u00e9 \u00e0 nos abonn\u00e9s  <a href=\"https:\/\/www.lemonde.fr\/sport\/article\/2023\/06\/11\/motogp-la-saga-ducati-comment-l-ecurie-italienne-a-dame-le-pion-aux-grosses-cylindrees-nippones_6177132_3242.html\" class=\"js-article-read-also catcher--favoris__link\" data-premium=\"1\" id=\"article-title-3326499\" rel=\"nofollow noopener\" target=\"_blank\">MotoGP\u00a0: la saga Ducati, comment l\u2019\u00e9curie italienne a dam\u00e9 le pion aux grosses cylindr\u00e9es nippones<\/a>    <\/p>\n<p>   Lire plus tard  <\/p>\n<p>                          Les Fran\u00e7ais encore loin du compte                    <\/p>\n<p class=\"article__paragraph  \">Sa formation italienne Pramac, qui rejoindra le giron de Yamaha la saison prochaine apr\u00e8s dix ans \u00e0 rouler sur des Ducati, avait d\u00e9j\u00e0 cr\u00e9\u00e9 la surprise l\u2019an pass\u00e9 en remportant le classement des \u00e9quipes gr\u00e2ce \u00e0 Martin et au Fran\u00e7ais Johann Zarco.<\/p>\n<p class=\"article__paragraph  \">Dans l\u2019ombre du duel entre Jorge Martin et Francesco Bagnaia, le sextuple champion du monde espagnol Marc Marquez (Ducati-Gresini) est mont\u00e9 sur la deuxi\u00e8me marche du podium dimanche sur ses terres pour s\u2019assurer la troisi\u00e8me place au championnat devant l\u2019Italien Enea Bastianini (Ducati), septi\u00e8me \u00e0 Montmelo.<\/p>\n<p>                                       Lire aussi |  Article r\u00e9serv\u00e9 \u00e0 nos abonn\u00e9s  <a href=\"https:\/\/www.lemonde.fr\/sport\/article\/2024\/09\/22\/c-est-un-miracule-apres-quatre-ans-de-galere-marc-marquez-fait-de-nouveau-peur-en-motogp_6328010_3242.html\" class=\"js-article-read-also catcher--favoris__link\" data-premium=\"1\" id=\"article-title-3390468\" rel=\"nofollow noopener\" target=\"_blank\">\u00ab\u00a0C\u2019est un miracul\u00e9\u00a0\u00bb\u00a0: apr\u00e8s quatre ans de gal\u00e8re, Marc Marquez fait de nouveau peur en MotoGP<\/a>    <\/p>\n<p>   Lire plus tard  <\/p>\n<p class=\"article__paragraph  \">Pour son 255e et dernier Grand Prix en MotoGP, le local de l\u2019\u00e9tape Aleix Espargaro (Aprilia), n\u00e9 \u00e0 quelques kilom\u00e8tres du circuit, a pris la cinqui\u00e8me place \u00e0 l\u2019issue d\u2019une superbe course o\u00f9 il aura dans un premier temps prot\u00e9g\u00e9 son grand ami Jorge Martin, avant de batailler avec son compatriote Alex Marquez (Ducati-Gresini), finalement quatri\u00e8me.<\/p>\n<p> Newsletter  <\/p>\n<p> <a href=\"https:\/\/www.lemonde.fr\/newsletters\/sport\/\" class=\"inread__link js-services-inread-link\" target=\"_blank\" rel=\"nofollow noopener\">  <\/p>\n<p>\u00ab Sport \u00bb<\/p>\n<p>Enqu\u00eates, reportages, analyses : l&rsquo;actualit\u00e9 du sport dans votre bo\u00eete e-mail chaque samedi<\/p>\n<p>S&rsquo;inscrire<\/p>\n<p> <\/a>          <\/p>\n<p> Le Monde Guides d\u2019achat  <\/p>\n<p> <a href=\"https:\/\/www.lemonde.fr\/guides-d-achat\/article\/2018\/06\/30\/les-meilleurs-antivols-pour-attacher-son-velo_5323670_5306571.html\" class=\"inread__link js-services-inread-link\" target=\"_blank\" rel=\"nofollow noopener\">  <\/p>\n<p>Cadenas de v\u00e9lo<\/p>\n<p>Les meilleurs cadenas de v\u00e9lo<\/p>\n<p>Lire<\/p>\n<p> <\/a>      <\/p>\n<p> Newsletter  <\/p>\n<p> <a href=\"https:\/\/www.lemonde.fr\/newsletters\/sport\/\" class=\"inread__link js-services-inread-link\" target=\"_blank\" rel=\"nofollow noopener\">  <\/p>\n<p>\u00ab Sport \u00bb<\/p>\n<p>Enqu\u00eates, reportages, analyses : l&rsquo;actualit\u00e9 du sport dans votre bo\u00eete e-mail chaque samedi<\/p>\n<p>S&rsquo;inscrire<\/p>\n<p> <\/a>             <\/p>\n<p class=\"article__paragraph  \">Les Fran\u00e7ais Fabio Quartararo (Yamaha) et Johann Zarco (Honda-LCR) ont mis un terme \u00e0 leur saison en terminant respectivement 11e et 14e. <a href=\"https:\/\/www.lemonde.fr\/sport\/article\/2021\/10\/24\/moto-fabio-quartararo-un-francais-au-sommet-de-la-categorie-reine-de-la-vitesse_6099716_3242.html\" rel=\"nofollow noopener\" target=\"_blank\">Champion du monde en\u00a02021<\/a>, Quartararo n\u2019aura pu se m\u00ealer \u00e0 la lutte au sommet du championnat cette saison, et termine finalement \u00e0 une anonyme 13e\u00a0place.<\/p>\n<p class=\"article__author-container\"> <a class=\"article__author-link\" href=\"https:\/\/www.lemonde.fr\/signataires\/service-sports\/\" rel=\"nofollow noopener\" target=\"_blank\"> Service Sports<\/a> (avec AFP) <\/p>\n<p>                  <a href=\"https:\/\/www.lemonde.fr\/syndication\/\" class=\"reuse__content\" title=\"R\u00e9utiliser ce contenu\" target=\"_blank\" rel=\"nofollow noopener\">R\u00e9utiliser ce contenu<\/a>      <\/p>\n","protected":false},"excerpt":{"rendered":"L\u2019Espagnol Jorge Martin a \u00e9t\u00e9 sacr\u00e9 champion du monde de MotoGP, apr\u00e8s sa troisi\u00e8me place lors du Grand&hellip;\n","protected":false},"author":2,"featured_media":417661,"comment_status":"","ping_status":"","sticky":false,"template":"","format":"standard","meta":{"footnotes":""},"categories":[1413],"tags":[1011,27,1457,1456,60],"class_list":{"0":"post-417660","1":"post","2":"type-post","3":"status-publish","4":"format-standard","5":"has-post-thumbnail","7":"category-moto","8":"tag-fr","9":"tag-france","10":"tag-moto","11":"tag-motocycle","12":"tag-sports"},"share_on_mastodon":{"url":"https:\/\/pubeurope.com\/@fr\/115267633859742679","error":""},"_links":{"self":[{"href":"https:\/\/www.europesays.com\/fr\/wp-json\/wp\/v2\/posts\/417660","targetHints":{"allow":["GET"]}}],"collection":[{"href":"https:\/\/www.europesays.com\/fr\/wp-json\/wp\/v2\/posts"}],"about":[{"href":"https:\/\/www.europesays.com\/fr\/wp-json\/wp\/v2\/types\/post"}],"author":[{"embeddable":true,"href":"https:\/\/www.europesays.com\/fr\/wp-json\/wp\/v2\/users\/2"}],"replies":[{"embeddable":true,"href":"https:\/\/www.europesays.com\/fr\/wp-json\/wp\/v2\/comments?post=417660"}],"version-history":[{"count":0,"href":"https:\/\/www.europesays.com\/fr\/wp-json\/wp\/v2\/posts\/417660\/revisions"}],"wp:featuredmedia":[{"embeddable":true,"href":"https:\/\/www.europesays.com\/fr\/wp-json\/wp\/v2\/media\/417661"}],"wp:attachment":[{"href":"https:\/\/www.europesays.com\/fr\/wp-json\/wp\/v2\/media?parent=417660"}],"wp:term":[{"taxonomy":"category","embeddable":true,"href":"https:\/\/www.europesays.com\/fr\/wp-json\/wp\/v2\/categories?post=417660"},{"taxonomy":"post_tag","embeddable":true,"href":"https:\/\/www.europesays.com\/fr\/wp-json\/wp\/v2\/tags?post=417660"}],"curies":[{"name":"wp","href":"https:\/\/api.w.org\/{rel}","templated":true}]}}