{"id":417662,"date":"2025-09-25T23:54:21","date_gmt":"2025-09-25T23:54:21","guid":{"rendered":"https:\/\/www.europesays.com\/fr\/417662\/"},"modified":"2025-09-25T23:54:21","modified_gmt":"2025-09-25T23:54:21","slug":"f1-pierre-gasly-devient-le-nouvel-ambassadeur-de-la-marque-reebok","status":"publish","type":"post","link":"https:\/\/www.europesays.com\/fr\/417662\/","title":{"rendered":"F1 : Pierre Gasly devient le nouvel ambassadeur de la marque Reebok"},"content":{"rendered":"<p><img decoding=\"async\" src=\"https:\/\/www.europesays.com\/fr\/wp-content\/uploads\/2025\/09\/LOOK4_STUDIO_\u00a9Lysa_Thieffry-678x381.jpg\" alt=\"\" title=\"\"\/><\/p>\n<p><strong>Reebok s\u2019associe \u00e0 Pierre Gasly, pilote de Formule 1 de l\u2019\u00e9curie Alpine, dans le cadre d\u2019un partenariat strat\u00e9gique marquant le retour de la marque sur la sc\u00e8ne sportive. Une collaboration qui incarne la philosophie de Reebok : \u00ab\u00a0Sport is Everything \u00ab\u00a0.<\/strong><\/p>\n<p><img loading=\"lazy\" decoding=\"async\" class=\"alignnone size-full wp-image-42407\" src=\"https:\/\/www.europesays.com\/fr\/wp-content\/uploads\/2025\/09\/LOOK4_STUDIO_\u00a9Lysa_Thieffry-scaled-e1758817462119.jpg\" alt=\"\" width=\"620\" height=\"414\"\/><\/p>\n<p style=\"text-align: justify;\">Rapide en piste, Pierre Gasly s\u2019illustre bien au-del\u00e0 des circuits. Son ascension a \u00e9t\u00e9 jalonn\u00e9e de d\u00e9fis et de rebondissements, jusqu\u2019\u00e0 une victoire historique au Grand Prix d\u2019Italie.<\/p>\n<p style=\"text-align: justify;\">En dehors des circuits, Pierre Gasly cultive une pratique diversifi\u00e9e du sport : grand supporter du PSG, co-propri\u00e9taire du FC Versailles et fervent d\u00e9fenseur de l\u2019activit\u00e9 physique pour tous : du tennis au cyclisme, en passant par la course \u00e0 pied ou le golf. Une passion et une exigence qui r\u00e9sonnent avec les valeurs de Reebok : performance, t\u00e9nacit\u00e9 et impact positif. Tr\u00e8s engag\u00e9 \u00e9galement sur la question de la sant\u00e9 mentale, Gasly aborde sans d\u00e9tour les pressions li\u00e9es au sport de haut niveau et soutient activement l\u2019association Make-A-Wish. Son parcours inspirant, du mini-kart jusqu\u2019\u00e0 la Formule 1, a m\u00eame \u00e9t\u00e9 immortalis\u00e9 dans une bande dessin\u00e9e, Objectif F1.<\/p>\n<p><img loading=\"lazy\" decoding=\"async\" class=\"alignnone size-full wp-image-42408\" src=\"https:\/\/www.europesays.com\/fr\/wp-content\/uploads\/2025\/09\/LOOK3_LIFESTYLE_\u00a9Lysa_Thieffry-scaled-e1758817763395.jpg\" alt=\"\" width=\"414\" height=\"620\"\/><\/p>\n<p style=\"text-align: justify;\">Pr\u00e9vue pour un lancement mondial en Janvier 2026, la campagne training SS26 capture toute l\u2019\u00e9nergie de Pierre Gasly ainsi que sa passion du sport. Une s\u00e9rie de clich\u00e9s sous l\u2019objectif de Lysa Thieffry, entre esth\u00e9tique surr\u00e9aliste, contrastes forts et authenticit\u00e9 visuelle. un hommage contemporain \u00e0 la performance, au mouvement et \u00e0 l\u2019\u00e9quilibre subtil entre assurance d\u00e9contract\u00e9e et \u00e9l\u00e9gance sportive. Plus qu\u2019un pilote, c\u2019est l\u2019athl\u00e8te acharn\u00e9 qui s\u2019entra\u00eene sans rel\u00e2che que l\u2019on d\u00e9couvre. La campagne illustre le r\u00f4le de Reebok dans son quotidien d\u2019entra\u00eenement pour rester au plus haut niveau.<\/p>\n<p><img loading=\"lazy\" decoding=\"async\" class=\"alignnone size-full wp-image-42409\" src=\"https:\/\/www.europesays.com\/fr\/wp-content\/uploads\/2025\/09\/LOOK9_LIFESTYLE_1844_\u00a9Lysa_Thieffry-scaled-e1758817804848.jpg\" alt=\"\" width=\"620\" height=\"414\"\/><\/p>\n<p style=\"text-align: justify;\">Avec ce partenariat, Reebok poursuit son ambition : soutenir tous les talents, quels que soient leur parcours et leur discipline. Ce nouveau projet, impuls\u00e9 par Lysa Thieffry, s\u2019inscrit dans la strat\u00e9gie d\u2019Authentic Brands Group (ABG), maison m\u00e8re de Reebok, et de son distributeur GB Brands, visant \u00e0 renforcer la pr\u00e9sence de la marque en Europe et aux U.S.<\/p>\n<p>Photos : Lysa Thieffry<\/p>\n","protected":false},"excerpt":{"rendered":"Reebok s\u2019associe \u00e0 Pierre Gasly, pilote de Formule 1 de l\u2019\u00e9curie Alpine, dans le cadre d\u2019un partenariat strat\u00e9gique&hellip;\n","protected":false},"author":2,"featured_media":417663,"comment_status":"","ping_status":"","sticky":false,"template":"","format":"standard","meta":{"footnotes":""},"categories":[1412],"tags":[1451,1452,1453,1454,1455,1011,27,54730,2248,54731,49657,54732,60],"class_list":{"0":"post-417662","1":"post","2":"type-post","3":"status-publish","4":"format-standard","5":"has-post-thumbnail","7":"category-f1","8":"tag-f1","9":"tag-formula-1","10":"tag-formula1","11":"tag-formule-1","12":"tag-formule1","13":"tag-fr","14":"tag-france","15":"tag-partenariats-formule-1","16":"tag-pierre-gasly","17":"tag-pierre-gasly-reebok","18":"tag-reebok","19":"tag-reebok-sport","20":"tag-sports"},"share_on_mastodon":{"url":"https:\/\/pubeurope.com\/@fr\/115267638196276549","error":""},"_links":{"self":[{"href":"https:\/\/www.europesays.com\/fr\/wp-json\/wp\/v2\/posts\/417662","targetHints":{"allow":["GET"]}}],"collection":[{"href":"https:\/\/www.europesays.com\/fr\/wp-json\/wp\/v2\/posts"}],"about":[{"href":"https:\/\/www.europesays.com\/fr\/wp-json\/wp\/v2\/types\/post"}],"author":[{"embeddable":true,"href":"https:\/\/www.europesays.com\/fr\/wp-json\/wp\/v2\/users\/2"}],"replies":[{"embeddable":true,"href":"https:\/\/www.europesays.com\/fr\/wp-json\/wp\/v2\/comments?post=417662"}],"version-history":[{"count":0,"href":"https:\/\/www.europesays.com\/fr\/wp-json\/wp\/v2\/posts\/417662\/revisions"}],"wp:featuredmedia":[{"embeddable":true,"href":"https:\/\/www.europesays.com\/fr\/wp-json\/wp\/v2\/media\/417663"}],"wp:attachment":[{"href":"https:\/\/www.europesays.com\/fr\/wp-json\/wp\/v2\/media?parent=417662"}],"wp:term":[{"taxonomy":"category","embeddable":true,"href":"https:\/\/www.europesays.com\/fr\/wp-json\/wp\/v2\/categories?post=417662"},{"taxonomy":"post_tag","embeddable":true,"href":"https:\/\/www.europesays.com\/fr\/wp-json\/wp\/v2\/tags?post=417662"}],"curies":[{"name":"wp","href":"https:\/\/api.w.org\/{rel}","templated":true}]}}