{"id":417714,"date":"2025-09-26T00:25:30","date_gmt":"2025-09-26T00:25:30","guid":{"rendered":"https:\/\/www.europesays.com\/fr\/417714\/"},"modified":"2025-09-26T00:25:30","modified_gmt":"2025-09-26T00:25:30","slug":"un-magasin-hyper-u-vise-par-une-attaque-a-la-voiture-belier-en-pleine-nuit-pres-de-rennes","status":"publish","type":"post","link":"https:\/\/www.europesays.com\/fr\/417714\/","title":{"rendered":"Un magasin Hyper U vis\u00e9 par une attaque \u00e0 la voiture b\u00e9lier en pleine nuit pr\u00e8s de Rennes"},"content":{"rendered":"<tr wp_automatic_readability=\"5.8860759493671\">\n<td valign=\"middle\" align=\"center\" class=\"col-logo\" wp_automatic_readability=\"5\">\n    <img decoding=\"async\" src=\"https:\/\/maville.com\/design\/images\/logo-of-monetise.svg?version=20130627\" alt=\"logo Ouest-France\" height=\"66\"\/><\/p>\n<p>Contenu r\u00e9serv\u00e9 aux abonn\u00e9s<\/p>\n<\/td>\n<td class=\"col-titre\">\n\t\t\tJeudi 25 septembre 2025 16:56<br \/>\n\t\t\t<a class=\"icon-bulle sizeL count\" href=\"#ancreAvis\"><br \/>\n\t&#8230;<br \/>\n<\/a><\/td>\n<\/tr>\n<p>\t\t<a class=\"mavillebox2 elmt-photo\" href=\"https:\/\/maville.com\/photosmvi\/2025\/09\/25\/P35485123D6992447G.jpg\" title=\" L&#039;entr\u00e9e principale de l&#039;Hyper U de Ch\u00e2teaugiron a \u00e9t\u00e9 ferm\u00e9e apr\u00e8s la tentative d&#039;intrusion \u00e0 la voiture b\u00e9lier.  \u00a9  MARC OLLIVIER \/ OUEST-FRANCE  &lt;!--TAG-BLC credit--&gt;\" rel=\"galerie_actu noopener\" target=\"_blank\"><br \/>\n\t<img decoding=\"async\" src=\"https:\/\/www.europesays.com\/fr\/wp-content\/uploads\/2025\/09\/P35485123D6992447G_crop_640-330_.jpg\" alt=\"photo  l'entr\u00e9e principale de l'hyper u de ch\u00e2teaugiron a \u00e9t\u00e9 ferm\u00e9e apr\u00e8s la tentative d'intrusion \u00e0 la voiture b\u00e9lier.  \u00a9  marc ollivier \/ ouest-france \"\/><br \/>\n\t2<br \/>\n<\/a><\/p>\n<p class=\"elmt-legende\"> L&rsquo;entr\u00e9e principale de l&rsquo;Hyper U de Ch\u00e2teaugiron a \u00e9t\u00e9 ferm\u00e9e apr\u00e8s la tentative d&rsquo;intrusion \u00e0 la voiture b\u00e9lier.  \u00a9  MARC OLLIVIER \/ OUEST-FRANCE  <\/p>\n<p><a class=\"mavillebox2\" href=\"https:\/\/maville.com\/photosmvi\/2025\/09\/25\/P35485124D6992447G.jpg\" title=\"installation de pans de bois pour colmater la vitrine du centre commerciale qui a \u00e9t\u00e9 bris\u00e9e par la voiture b\u00e9lier. \u00a9  marc ollivier \/ ouest-france \" rel=\"galerie_actu noopener\" target=\"_blank\"><\/p>\n<p>\t\tDans la nuit de mercredi\u00a024 \u00e0 jeudi 25\u00a0septembre 2025, une voiture s\u2019est encastr\u00e9e dans la galerie commerciale de l\u2019Hyper U de Ch\u00e2teaugiron (Ille-et-Vilaine), \u00e0 l\u2019est de Rennes. Une enqu\u00eate a \u00e9t\u00e9 ouverte pour retrouver les auteurs.<\/p>\n<p><b>Cet article est r\u00e9serv\u00e9 aux abonn\u00e9s<\/b><\/p>\n<p>Pour un acc\u00e8s imm\u00e9diat, abonnez-vous<\/p>\n<p><b>1\u00e8re semaine offerte<\/b><\/p>\n<p>\t\tOuest-France<\/p>\n<p>Retrouvez d&rsquo;autres actus sur les communes de :<\/p>\n<p>\t\t&#13;<\/p>\n","protected":false},"excerpt":{"rendered":"Contenu r\u00e9serv\u00e9 aux abonn\u00e9s Jeudi 25 septembre 2025 16:56 &#8230; 2 L&rsquo;entr\u00e9e principale de l&rsquo;Hyper U de Ch\u00e2teaugiron&hellip;\n","protected":false},"author":2,"featured_media":417715,"comment_status":"","ping_status":"","sticky":false,"template":"","format":"standard","meta":{"footnotes":""},"categories":[2821],"tags":[1111,11,834,54742,829,1777,674,1011,27,54741,18358,12,293,19940,3762,584,25,575,4752],"class_list":{"0":"post-417714","1":"post","2":"type-post","3":"status-publish","4":"format-standard","5":"has-post-thumbnail","7":"category-rennes","8":"tag-actu","9":"tag-actualites","10":"tag-attaque","11":"tag-belier","12":"tag-bretagne","13":"tag-eu","14":"tag-europe","15":"tag-fr","16":"tag-france","17":"tag-hyper","18":"tag-magasin","19":"tag-news","20":"tag-nuit","21":"tag-pleine","22":"tag-pres","23":"tag-rennes","24":"tag-republique-francaise","25":"tag-vise","26":"tag-voiture"},"share_on_mastodon":{"url":"https:\/\/pubeurope.com\/@fr\/115267759833080061","error":""},"_links":{"self":[{"href":"https:\/\/www.europesays.com\/fr\/wp-json\/wp\/v2\/posts\/417714","targetHints":{"allow":["GET"]}}],"collection":[{"href":"https:\/\/www.europesays.com\/fr\/wp-json\/wp\/v2\/posts"}],"about":[{"href":"https:\/\/www.europesays.com\/fr\/wp-json\/wp\/v2\/types\/post"}],"author":[{"embeddable":true,"href":"https:\/\/www.europesays.com\/fr\/wp-json\/wp\/v2\/users\/2"}],"replies":[{"embeddable":true,"href":"https:\/\/www.europesays.com\/fr\/wp-json\/wp\/v2\/comments?post=417714"}],"version-history":[{"count":0,"href":"https:\/\/www.europesays.com\/fr\/wp-json\/wp\/v2\/posts\/417714\/revisions"}],"wp:featuredmedia":[{"embeddable":true,"href":"https:\/\/www.europesays.com\/fr\/wp-json\/wp\/v2\/media\/417715"}],"wp:attachment":[{"href":"https:\/\/www.europesays.com\/fr\/wp-json\/wp\/v2\/media?parent=417714"}],"wp:term":[{"taxonomy":"category","embeddable":true,"href":"https:\/\/www.europesays.com\/fr\/wp-json\/wp\/v2\/categories?post=417714"},{"taxonomy":"post_tag","embeddable":true,"href":"https:\/\/www.europesays.com\/fr\/wp-json\/wp\/v2\/tags?post=417714"}],"curies":[{"name":"wp","href":"https:\/\/api.w.org\/{rel}","templated":true}]}}