{"id":417726,"date":"2025-09-26T00:31:20","date_gmt":"2025-09-26T00:31:20","guid":{"rendered":"https:\/\/www.europesays.com\/fr\/417726\/"},"modified":"2025-09-26T00:31:20","modified_gmt":"2025-09-26T00:31:20","slug":"trafic-de-drogue-en-vendee-cinq-suspects-en-garde-a-vue-des-stupefiants-et-de-largent","status":"publish","type":"post","link":"https:\/\/www.europesays.com\/fr\/417726\/","title":{"rendered":"Trafic de drogue en Vend\u00e9e\u00a0: cinq suspects en garde \u00e0 vue, des stup\u00e9fiants et de l\u2019argent"},"content":{"rendered":"<p>Mardi 23\u00a0septembre, plusieurs personnes suspect\u00e9es d\u2019avoir particip\u00e9 \u00e0 un trafic de stup\u00e9fiants, notamment de la coca\u00efne et de l\u2019h\u00e9ro\u00efne, ont \u00e9t\u00e9 interpell\u00e9es en Vend\u00e9e et \u00e0 Nantes. Selon nos informations, de la drogue et plus de 10\u00a0000\u00a0\u20ac de num\u00e9raire ont \u00e9t\u00e9 saisis au cours des perquisitions. L\u2019un des hommes interpell\u00e9s, pr\u00e9sent\u00e9 comme la t\u00eate de r\u00e9seau, \u00e9tait r\u00e9cemment sorti de d\u00e9tention.<\/p>\n<p>Cinq suspects toujours en garde \u00e0 vue<\/p>\n<p>Ce jeudi 25\u00a0septembre, cinq suspects se trouvaient toujours en garde \u00e0 vue en Vend\u00e9e et en Loire-Atlantique. Ils devraient \u00eatre pr\u00e9sent\u00e9s au parquet ce vendredi au parquet de La Roche-sur-Yon. L\u2019enqu\u00eate, men\u00e9e par les gendarmes de la brigade de recherches de La Roche-sur-Yon, est toujours en cours.<\/p>\n<p>\u00a0<\/p>\n","protected":false},"excerpt":{"rendered":"Mardi 23\u00a0septembre, plusieurs personnes suspect\u00e9es d\u2019avoir particip\u00e9 \u00e0 un trafic de stup\u00e9fiants, notamment de la coca\u00efne et de&hellip;\n","protected":false},"author":2,"featured_media":417727,"comment_status":"","ping_status":"","sticky":false,"template":"","format":"standard","meta":{"footnotes":""},"categories":[2818],"tags":[1111,11,1261,1052,1777,674,1011,27,8712,766,12,2636,25,17491,1098,16069,1097,2546,13373],"class_list":{"0":"post-417726","1":"post","2":"type-post","3":"status-publish","4":"format-standard","5":"has-post-thumbnail","7":"category-nantes","8":"tag-actu","9":"tag-actualites","10":"tag-argent","11":"tag-drogue","12":"tag-eu","13":"tag-europe","14":"tag-fr","15":"tag-france","16":"tag-garde","17":"tag-nantes","18":"tag-news","19":"tag-pays-de-la-loire","20":"tag-republique-francaise","21":"tag-saisis","22":"tag-stupefiants","23":"tag-suspects","24":"tag-trafic","25":"tag-vendee","26":"tag-vue"},"share_on_mastodon":{"url":"https:\/\/pubeurope.com\/@fr\/115267782867865149","error":""},"_links":{"self":[{"href":"https:\/\/www.europesays.com\/fr\/wp-json\/wp\/v2\/posts\/417726","targetHints":{"allow":["GET"]}}],"collection":[{"href":"https:\/\/www.europesays.com\/fr\/wp-json\/wp\/v2\/posts"}],"about":[{"href":"https:\/\/www.europesays.com\/fr\/wp-json\/wp\/v2\/types\/post"}],"author":[{"embeddable":true,"href":"https:\/\/www.europesays.com\/fr\/wp-json\/wp\/v2\/users\/2"}],"replies":[{"embeddable":true,"href":"https:\/\/www.europesays.com\/fr\/wp-json\/wp\/v2\/comments?post=417726"}],"version-history":[{"count":0,"href":"https:\/\/www.europesays.com\/fr\/wp-json\/wp\/v2\/posts\/417726\/revisions"}],"wp:featuredmedia":[{"embeddable":true,"href":"https:\/\/www.europesays.com\/fr\/wp-json\/wp\/v2\/media\/417727"}],"wp:attachment":[{"href":"https:\/\/www.europesays.com\/fr\/wp-json\/wp\/v2\/media?parent=417726"}],"wp:term":[{"taxonomy":"category","embeddable":true,"href":"https:\/\/www.europesays.com\/fr\/wp-json\/wp\/v2\/categories?post=417726"},{"taxonomy":"post_tag","embeddable":true,"href":"https:\/\/www.europesays.com\/fr\/wp-json\/wp\/v2\/tags?post=417726"}],"curies":[{"name":"wp","href":"https:\/\/api.w.org\/{rel}","templated":true}]}}