{"id":417730,"date":"2025-09-26T00:33:12","date_gmt":"2025-09-26T00:33:12","guid":{"rendered":"https:\/\/www.europesays.com\/fr\/417730\/"},"modified":"2025-09-26T00:33:12","modified_gmt":"2025-09-26T00:33:12","slug":"avec-company-brillant-musical-sur-le-couple-bordeaux-prend-enfin-un-air-de-broadway","status":"publish","type":"post","link":"https:\/\/www.europesays.com\/fr\/417730\/","title":{"rendered":"Avec Company, brillant musical sur le couple, Bordeaux prend enfin un air de Broadway"},"content":{"rendered":"<p class=\"wp-block-post-excerpt__excerpt\">Produit par G\u00e9n\u00e9ration Op\u00e9ra, qui f\u00e9d\u00e8re plusieurs sc\u00e8nes dont l\u2019ONBA, Company illumine le Grand Th\u00e9\u00e2tre jusqu\u2019au 27 septembre, confirmant la modernit\u00e9 et l\u2019humour intact du chef-d\u2019\u0153uvre de Sondheim, 55 ans apr\u00e8s sa cr\u00e9ation \u00e0 New York. <\/p>\n<p class=\"font-sans\">\n\t\t\tCet article est en acc\u00e8s libre. Pour soutenir Rue89Bordeaux,<br \/>\n\t\t\t<a class=\"underline\" href=\"https:\/\/rue89bordeaux.com\/abonnement\/\" target=\"_blank\" rel=\"noopener\">abonnez-vous<\/a>.\n\t\t<\/p>\n<p>Simon Barth\u00e9l\u00e9my<\/p>\n<p>Publi\u00e9 le 25 septembre 2025\u00a0\u00a0\u00b7\u00a0\u00a0<\/p>\n<p>Imprim\u00e9 le 26 septembre 2025 \u00e0 01h38\u00a0\u00a0\u00b7\u00a0\u00a0<\/p>\n<p>\t\t\t\t\t2\u00a0minutes\n<\/p>\n<p>L\u2019Op\u00e9ra de Bordeaux continue la mise \u00e0 jour de son r\u00e9pertoire avec Company, un classique de la com\u00e9die musicale \u2013 6 Tony Awards lors de sa cr\u00e9ation en 1970, et premier grand succ\u00e8s de Stephen Sondheim. Le g\u00e9nial parolier de West Side Story, qui est cette fois \u00e9galement compositeur, a cr\u00e9\u00e9 par la suite A little night music et Sweeney Todd, entre autres merveilles.<\/p>\n<p>Company n\u2019a pas \u00e9t\u00e9 rejou\u00e9 en France depuis 2011, et la version pr\u00e9sent\u00e9e \u00e0 Bordeaux du 24 au 27 septembre, est coproduite par l\u2019ONBA (op\u00e9ra national de Bordeaux Aquitaine) et plusieurs sc\u00e8nes fran\u00e7aises r\u00e9unies dans l\u2019association G\u00e9n\u00e9ration Op\u00e9ra.<\/p>\n<blockquote class=\"wp-block-quote is-layout-flow wp-block-quote-is-layout-flow\">\n<p>\u00ab\u00a0Les com\u00e9dies musicale de Stephen Sondheim sont des chefs-d\u2019\u0153uvre que l\u2019on continue de red\u00e9couvrir en France, \u00e0 l\u2019heure o\u00f9 les maisons d\u2019op\u00e9ra assument aujourd\u2019hui de programmer ces spectacles anglo-saxons, jug\u00e9s par certains trop l\u00e9gers par le pass\u00e9 pour trouver leur place dans des sc\u00e8nes de r\u00e9f\u00e9rence\u00a0\u00bb, \u00e9crit dans la pr\u00e9sentation du spectacle Emmanuel Hondr\u00e9, directeur g\u00e9n\u00e9ral de l\u2019Op\u00e9ra de Bordeaux.<\/p>\n<\/blockquote>\n<p>\t\tR\u00e9volutionnaire et toujours d\u2019\u00e9poque<\/p>\n<p>De la l\u00e9g\u00e8ret\u00e9, Company en offre certainement, avec sa musique swinguante lorgnant souvent du c\u00f4t\u00e9 du rock ou de la bossa nova, et excellemment jou\u00e9e par l\u2019Orchestre national de Bordeaux, avec ses num\u00e9ros \u00e9poustouflants (Side by side by side, \u00e0 l\u2019attaque du deuxi\u00e8me acte, notamment) et son humour toujours d\u00e9capant 55 ans apr\u00e8s.<\/p>\n<p>Mais ce \u00ab\u00a0concept musical\u00a0\u00bb \u2013 11 sayn\u00e8tes \u00e9crites par George Furth sans r\u00e9cit lin\u00e9aire sur la vie et les amours de Bobby, c\u00e9libataire de 35 ans dont les amis envient la libert\u00e9 et\/ou veulent le caser \u2013, se r\u00e9v\u00e8le parfois plus grave et profond que nombre de livrets de ballets ou d\u2019op\u00e9ras \u00ab\u00a0autoris\u00e9s\u00a0\u00bb du patrimoine franco-fran\u00e7ais.<\/p>\n<p><img loading=\"lazy\" decoding=\"async\" width=\"792\" height=\"528\" src=\"https:\/\/www.europesays.com\/fr\/wp-content\/uploads\/2025\/09\/20250923-company-c-anthonyrojo-90-792x528.jpg\" alt=\"\" class=\"wp-image-170815\"  \/> Un c\u00e9libataire de 35 ans au centre de Company Photo\u00a0: Anthony Rojo<\/p>\n<p>R\u00e9volutionnaire dans la forme \u00e0 l\u2019\u00e9poque, le propos n\u2019a pas pris une ride. Sans d\u00e9monstration lourdingue, Company plonge le spectateur dans les affres du h\u00e9ros et des personnages face \u00e0 l\u2019institution du mariage et autres conventions sociales. Ils se mesurent \u00e0 l\u2019angoisse de la solitude ou du quotidien, aux amours rat\u00e9s ou passagers, au temps qui passe, ou encore au d\u00e9racinement et \u00e0 l\u2019anonymat de la grande ville\u2026<\/p>\n<p>\t\tUne mise en sc\u00e8ne simple et cr\u00e9ative<\/p>\n<p>Si les dialogues sont traduits en fran\u00e7ais, les morceaux sont bien s\u00fbr en VO (ouf) surtitr\u00e9e sur sc\u00e8ne. Et leurs interpr\u00e8tes sont aussi bons com\u00e9diens que chanteurs, \u00e0 commencer par Ga\u00e9tan Borg dans le premier r\u00f4le (Bobby).<\/p>\n<p>Mentions sp\u00e9ciales \u00e0 Jeanne Jerosme (Amy), d\u00e9sopilante en future mari\u00e9e d\u00e9sempar\u00e9e, Arnaud Masclet (Harry) et Marion Pr\u00e9\u00eft\u00e9, couple de potes dont les m\u00e9sententes se r\u00e8glent au karat\u00e9, Eva Gentili (Jenny), amie d\u00e9coinc\u00e9e apr\u00e8s un p\u00e9tard, Jasmine Roy (Joanne) en vieille New-Yorkaise d\u00e9lur\u00e9e, ou encore Ne\u00efma Naouri (Marta) dont la puissante interpr\u00e9tation de Another Hundred People est un des sommets musicaux de Company.<\/p>\n<p>Le tout est remarquablement servi par la mise en sc\u00e8ne \u00e0 la fois simple et tr\u00e8s cr\u00e9ative de James Bonas, avec un usage mod\u00e9r\u00e9 et judicieux de la vid\u00e9o. Il reste quelques places \u00e0 Bordeaux. Sinon, apr\u00e8s sa premi\u00e8re en mars dernier \u00e0 Massy, le musical sera en tourn\u00e9e, jusqu\u2019en 2027.<\/p>\n","protected":false},"excerpt":{"rendered":"Produit par G\u00e9n\u00e9ration Op\u00e9ra, qui f\u00e9d\u00e8re plusieurs sc\u00e8nes dont l\u2019ONBA, Company illumine le Grand Th\u00e9\u00e2tre jusqu\u2019au 27 septembre,&hellip;\n","protected":false},"author":2,"featured_media":417731,"comment_status":"","ping_status":"","sticky":false,"template":"","format":"standard","meta":{"footnotes":""},"categories":[2817],"tags":[1111,11,1997,251,1777,674,1011,27,12,2219,25131,25,8441],"class_list":{"0":"post-417730","1":"post","2":"type-post","3":"status-publish","4":"format-standard","5":"has-post-thumbnail","7":"category-bordeaux","8":"tag-actu","9":"tag-actualites","10":"tag-bordeaux","11":"tag-culture","12":"tag-eu","13":"tag-europe","14":"tag-fr","15":"tag-france","16":"tag-news","17":"tag-nouvelle-aquitaine","18":"tag-opera-national-de-bordeaux","19":"tag-republique-francaise","20":"tag-spectacle-vivant"},"share_on_mastodon":{"url":"https:\/\/pubeurope.com\/@fr\/115267791096805545","error":""},"_links":{"self":[{"href":"https:\/\/www.europesays.com\/fr\/wp-json\/wp\/v2\/posts\/417730","targetHints":{"allow":["GET"]}}],"collection":[{"href":"https:\/\/www.europesays.com\/fr\/wp-json\/wp\/v2\/posts"}],"about":[{"href":"https:\/\/www.europesays.com\/fr\/wp-json\/wp\/v2\/types\/post"}],"author":[{"embeddable":true,"href":"https:\/\/www.europesays.com\/fr\/wp-json\/wp\/v2\/users\/2"}],"replies":[{"embeddable":true,"href":"https:\/\/www.europesays.com\/fr\/wp-json\/wp\/v2\/comments?post=417730"}],"version-history":[{"count":0,"href":"https:\/\/www.europesays.com\/fr\/wp-json\/wp\/v2\/posts\/417730\/revisions"}],"wp:featuredmedia":[{"embeddable":true,"href":"https:\/\/www.europesays.com\/fr\/wp-json\/wp\/v2\/media\/417731"}],"wp:attachment":[{"href":"https:\/\/www.europesays.com\/fr\/wp-json\/wp\/v2\/media?parent=417730"}],"wp:term":[{"taxonomy":"category","embeddable":true,"href":"https:\/\/www.europesays.com\/fr\/wp-json\/wp\/v2\/categories?post=417730"},{"taxonomy":"post_tag","embeddable":true,"href":"https:\/\/www.europesays.com\/fr\/wp-json\/wp\/v2\/tags?post=417730"}],"curies":[{"name":"wp","href":"https:\/\/api.w.org\/{rel}","templated":true}]}}