{"id":417732,"date":"2025-09-26T00:34:22","date_gmt":"2025-09-26T00:34:22","guid":{"rendered":"https:\/\/www.europesays.com\/fr\/417732\/"},"modified":"2025-09-26T00:34:22","modified_gmt":"2025-09-26T00:34:22","slug":"top-14-stade-francais-bordeaux-a-lorigine-un-cousinage-et-une-revanche","status":"publish","type":"post","link":"https:\/\/www.europesays.com\/fr\/417732\/","title":{"rendered":"Top 14 \u2013 Stade fran\u00e7ais \u2013 Bordeaux\u00a0: \u00e0 l\u2019origine, un cousinage et une revanche"},"content":{"rendered":"<p>\n                Le match entre le Stade fran\u00e7ais et l\u2019UBB de samedi ne sera pas d\u00e9cisif, il arrive trop t\u00f4t dans la saison. Mais il est l\u2019occasion pour nous de nous rappeler les liens historiques qui existent entre le club de la capitale et le rugby bordelais.\n            <\/p>\n<p>Le Stade fran\u00e7ais n\u2019a pas toujours \u00e9t\u00e9 un club de premier plan, loin s\u2019en faut. Il \u00e9tait m\u00eame descendu tr\u00e8s bas, au quatri\u00e8me \u00e9chelon, avant d\u2019\u00eatre totalement relanc\u00e9 par Max Guazzini dans les ann\u00e9es 90 qui lui fit remonter chaque ann\u00e9e tous les niveaux de la hi\u00e9rarchie. Quatre ans apr\u00e8s sa reprise, le club qui jouait \u00e0 l\u2019\u00e9poque en rouge et bleu fut m\u00eame sacr\u00e9 champion de France apr\u00e8s avoir battu Perpignan en finale (34-7). Jamais un club promu en d\u00e9but de saison n\u2019avait brandi le Bouclier de Brennus huit mois plus tard. C\u2019est dire si ce retour s\u2019\u00e9tait fait en fanfare.<\/p>\n<p>Laporte fait le lien<\/p>\n<p>Sur le moment, tout le monde avait \u00e9t\u00e9 frapp\u00e9 par une sensation de mim\u00e9tisme avec un autre sacre, vieux de sept ans, celui du CA B\u00e8gles-Bordeaux-Gironde. Le Stade fran\u00e7ais de 1998 comptait dans ses rangs trois joueurs et un entra\u00eeneur embl\u00e9matiques. \u00c0 la baguette, Bernard Laporte qui cornaquait une premi\u00e8re ligne compos\u00e9e de Philippe Gimbert, Vincent Moscato et Serge Simon. Ces quatre hommes avaient \u00e9t\u00e9 sacr\u00e9s une premi\u00e8re fois en 1991 sous le maillot \u00e0 damiers bleus et blancs. Le titre de Bordeaux-B\u00e8gles avait d\u00e9fray\u00e9 la chronique, par l\u2019impression de force et de puissance du pack girondin, par sa f\u00e9rocit\u00e9 aussi et par les cr\u00e2nes ras\u00e9s de ses joueurs de premi\u00e8re ligne\u00a0: Gimbert-Moscato-Simon justement. Trois durs, qui aimaient mieux donner que recevoir. Bernard Laporte n\u2019entra\u00eenait pas officiellement\u00a0\u00e0 l\u2019\u00e9poque, il \u00e9tait encore joueur, un demi de m\u00eal\u00e9e un peu raide, mais d\u00e9j\u00e0 un meneur d\u2019hommes hors pair, capable de faire monter aux arbres le joueur le plus timor\u00e9 de la terre.<\/p>\n<p>Mais ces personnalit\u00e9s \u00e9taient si fortes, que le groupe b\u00e9glais avait explos\u00e9 deux ans plus tard et les quatre imp\u00e9trants vir\u00e9s purement et simplement du club, accompagn\u00e9s par quelques alli\u00e9s. Ils s\u2019\u00e9taient d\u2019abord retrouv\u00e9s au Stade bordelais, le club voisin, mais qui n\u2019avait pas les moyens de s\u2019installer dans l\u2019\u00e9lite. Alors, Laporte, le boss avait pris la direction de la capitale apr\u00e8s avoir \u00e9t\u00e9 pr\u00e9sent\u00e9 \u00e0 Max Guazzini par un journaliste de Midi Olympique (Philippe Oustric).<\/p>\n<p>Laussucq jouait au Stade Fran\u00e7ais en 1998<\/p>\n<p>Revoir tout ce monde\u00a0sept ans apr\u00e8s en finale du championnat sous un autre maillot \u00e9tait une attraction en soi. Et les voir brandir le Bouclier ressemblait \u00e0 une revanche \u00e9clatante, presque \u00e0 une reconstitution de ligue dissoute, d\u2019autant plus que le Stade fran\u00e7ais avait battu le CABBG d\u2019un souffle en quart de finale sur deux matchs. Finalement, on avait l\u2019impression que ce nouveau champion parisien \u00e9tait un peu le d\u00e9calque du Bordeaux-B\u00e8gles des ann\u00e9es 90, avec des personnalit\u00e9s atypiques et baroques. La p\u00e9riode dor\u00e9e du Stade fran\u00e7ais commen\u00e7a sous ce genre d\u2019auspices comme si Bernard Laporte, notamment, avait trouv\u00e9 dans la capitale, gr\u00e2ce \u00e0 Max Guazzini, un terrain fertile \u00e0 sa personnalit\u00e9 hors norme. Ce sacre soulignait aussi en creux une certaine incapacit\u00e9 du rugby bordelais \u00e0 s\u2019installer au sommet du rugby hexagonal. \u00c0 noter que dans cette \u00e9quipe parisienne officiait un demi de m\u00eal\u00e9e nomm\u00e9 Christophe Laussucq, n\u00e9 et form\u00e9 en Gironde, mais qui n\u2019avait pas jou\u00e9 au CABBG (il le fera plus tard). Il est aujourd\u2019hui l\u2019un des entra\u00eeneurs de l\u2019UBB, adjoint de Yannick Bru. Il repr\u00e9sente \u00e0 nos yeux le souvenir de ce titre de 1998 \u00e0 la fois parisien et bordelais.<\/p>\n","protected":false},"excerpt":{"rendered":"Le match entre le Stade fran\u00e7ais et l\u2019UBB de samedi ne sera pas d\u00e9cisif, il arrive trop t\u00f4t&hellip;\n","protected":false},"author":2,"featured_media":417733,"comment_status":"","ping_status":"","sticky":false,"template":"","format":"standard","meta":{"footnotes":""},"categories":[2817],"tags":[1111,11,1997,1777,674,1011,27,12,2219,25],"class_list":{"0":"post-417732","1":"post","2":"type-post","3":"status-publish","4":"format-standard","5":"has-post-thumbnail","7":"category-bordeaux","8":"tag-actu","9":"tag-actualites","10":"tag-bordeaux","11":"tag-eu","12":"tag-europe","13":"tag-fr","14":"tag-france","15":"tag-news","16":"tag-nouvelle-aquitaine","17":"tag-republique-francaise"},"share_on_mastodon":{"url":"https:\/\/pubeurope.com\/@fr\/115267794883868187","error":""},"_links":{"self":[{"href":"https:\/\/www.europesays.com\/fr\/wp-json\/wp\/v2\/posts\/417732","targetHints":{"allow":["GET"]}}],"collection":[{"href":"https:\/\/www.europesays.com\/fr\/wp-json\/wp\/v2\/posts"}],"about":[{"href":"https:\/\/www.europesays.com\/fr\/wp-json\/wp\/v2\/types\/post"}],"author":[{"embeddable":true,"href":"https:\/\/www.europesays.com\/fr\/wp-json\/wp\/v2\/users\/2"}],"replies":[{"embeddable":true,"href":"https:\/\/www.europesays.com\/fr\/wp-json\/wp\/v2\/comments?post=417732"}],"version-history":[{"count":0,"href":"https:\/\/www.europesays.com\/fr\/wp-json\/wp\/v2\/posts\/417732\/revisions"}],"wp:featuredmedia":[{"embeddable":true,"href":"https:\/\/www.europesays.com\/fr\/wp-json\/wp\/v2\/media\/417733"}],"wp:attachment":[{"href":"https:\/\/www.europesays.com\/fr\/wp-json\/wp\/v2\/media?parent=417732"}],"wp:term":[{"taxonomy":"category","embeddable":true,"href":"https:\/\/www.europesays.com\/fr\/wp-json\/wp\/v2\/categories?post=417732"},{"taxonomy":"post_tag","embeddable":true,"href":"https:\/\/www.europesays.com\/fr\/wp-json\/wp\/v2\/tags?post=417732"}],"curies":[{"name":"wp","href":"https:\/\/api.w.org\/{rel}","templated":true}]}}